{"id":757,"date":"2025-06-10T01:56:00","date_gmt":"2025-06-10T01:56:00","guid":{"rendered":"https:\/\/edubolivia.org\/?p=757"},"modified":"2025-07-08T02:00:08","modified_gmt":"2025-07-08T02:00:08","slug":"arranco-el-trabajo-del-consejo-educativo-plurinacional","status":"publish","type":"post","link":"https:\/\/edubolivia.org\/?p=757","title":{"rendered":"Arranc\u00f3 el trabajo del Consejo Educativo plurinacional"},"content":{"rendered":"\n<p>actividades el Consejo Educativo Plurinacional, cuya finalidad es la de proponer proyectos de pol\u00edticas educativas integrales de consenso y evaluar el cumplimiento de las conclusiones del Congreso Plurinacional de Educaci\u00f3n, en el marco de los principios y fines establecidos en la Ley 070 de Educaci\u00f3n.<\/p>\n\n\n\n<p>En el evento participaron diferentes organizaciones sociales, organismos p\u00fablicos y privados, listados a continuaci\u00f3n:<\/p>\n\n\n\n<p>El Ministerio de Educaci\u00f3n (MinEdu), Central Obrera Boliviana (COB), Confederaci\u00f3n Nacional de Maestros de Educaci\u00f3n Rural de Bolivia (CONMERB), Confederaci\u00f3n de Trabajadores de Educaci\u00f3n Urbana de Bolivia (CTEUB), Junta Nacional de Padres de Familia (JUNPAMAD), Consejo Educativo de los Pueblos Originarios (CEPOs) y la Confederaci\u00f3n Nacional de Mujeres Campesinas Ind\u00edgenas Originarias de Bolivia \u201cBartolina Sisa\u201d. Confederaci\u00f3n de Estudiantes de Secundaria (CES-B), Comit\u00e9 Ejecutivo de la Universidad Boliviana (CEUB), Confederaci\u00f3n de Estudiantes en Formaci\u00f3n de Maestros de Bolivia (CEFOM-B)<\/p>\n\n\n\n<p>Participaron tambi\u00e9n el \u00c1rea de Educaci\u00f3n de la Conferencia Episcopal Boliviana (AED), la Confederaci\u00f3n Sindical \u00danica de Trabajadores Campesinos de Bolivia (CSUTCB), Confederaci\u00f3n de Pueblos Ind\u00edgenas del oriente Boliviano (CIDOB), Confederaci\u00f3n Sindical de Comunidades Interculturales de Bolivia (CSCIOB), Confederaci\u00f3n Nacional de Ayllus y Markas del Qullasuyo (CONAMAQ), Comit\u00e9 Nacional de Personas con Discapacidad (CONALPEDIS), Asociaci\u00f3n Nacional de Universidades (ANUP), Asociaci\u00f3n Nacional de Colegios Privados (ANDECOP), Federaci\u00f3n de Asociaciones Municipales (FAM-Bolivia) entre otras organizaciones representativas.<\/p>\n\n\n\n<p>El principal momento de la reuni\u00f3n se plasm\u00f3 en dos partes, la primera fue la elecci\u00f3n de la Directiva, que tuvo el resultado siguiente:<\/p>\n\n\n\n<p>La presidencia del Consejo est\u00e1 a cargo del titular de esta cartera de Estado, Omar Veliz Ramos; en la vicepresidencia est\u00e1 Ciriaco Inda, del Consejo Educativo de los Pueblos Originarios (CEPOS); en la Secretar\u00eda de Actas se encuentra Emiliano Mamani Quelca, de la Confederaci\u00f3n de Estudiantes en Formaci\u00f3n de Maestros de Bolivia (CEFOM-B), y en la Vocal\u00eda est\u00e1 Jorge Mart\u00edn Fern\u00e1ndez Carrasco, del \u00c1rea de Educaci\u00f3n de la Conferencia Episcopal Boliviana (AED).<\/p>\n\n\n\n<p>La segunda parte estuvo centrada en la composici\u00f3n de las Comisiones Tem\u00e1ticas, es decir, qu\u00e9 organizaciones participar\u00e1n en los temas propuestos.&nbsp; El resultado fue el siguiente:<\/p>\n\n\n\n<p>Tem\u00e1tica 1 \u2013 Diagn\u00f3stico: MinEdu, COB, CESB, CEUB.<\/p>\n\n\n\n<p>Tem\u00e1tica 2 \u2013 Curr\u00edculum: CONMERB, CEUB, CEFOMB, ANDECOP, CONALPEDIS, CES-B, CEPOS, MinEdu.<\/p>\n\n\n\n<p>Tem\u00e1tica 3 \u2013 Gesti\u00f3n Educativa: CEFOMB, COB, CES-B, MinEdu.<\/p>\n\n\n\n<p>Tem\u00e1tica 4 \u2013 Formaci\u00f3n de Maestros: ANUP, CSUTSB, CEPOS, CONMERB, CES-LP, AED, MinEdu.<\/p>\n\n\n\n<p>Tem\u00e1tica 5 \u2013 Financiamiento: AED, CEUB, CONMERB, CES-LP, FAM-Bolivia, MinEdu.<\/p>\n\n\n\n<p>Las instituciones que no aparecen en esta distribuci\u00f3n, se integrar\u00e1n posteriormente.<\/p>\n\n\n\n<p>En la parte final de la reuni\u00f3n, el Ministro de Educaci\u00f3n, Omar Veliz Ramos, explic\u00f3 que la tarea de la Directiva es afrontar, organizar y generar pol\u00edticas educativas para transformar la educaci\u00f3n en calidad, por la enorme responsabilidad que conlleva. \u201cNo de un beneficio personal, sino en beneficio de las ni\u00f1as, ni\u00f1os y j\u00f3venes estudiantes del pa\u00eds\u201d. Seguidamente, el ministro, posesion\u00f3 a la Directiva del Consejo Educativo Plurinacional, dando el inicio a la parte operativa de su trabajo.<\/p>\n\n\n\n<p>Mencionar, tambi\u00e9n, que se espera que la flamante Directiva proponga fechas de encuentros y lineamientos para el trabajo de las comisiones tem\u00e1ticas.<\/p>\n\n\n\n<p>Se firm\u00f3 el acta y se concluy\u00f3 el evento.<\/p>\n","protected":false},"excerpt":{"rendered":"<p class=\"text-justify mb-2\" >actividades el Consejo Educativo Plurinacional, cuya finalidad es la de proponer proyectos de pol\u00edticas educativas integrales de consenso y evaluar el cumplimiento de las conclusiones del Congreso Plurinacional de Educaci\u00f3n, en el marco de los principios y fines establecidos en la Ley 070 de Educaci\u00f3n. [&hellip;]<\/p>\n","protected":false},"author":1,"featured_media":758,"comment_status":"closed","ping_status":"open","sticky":false,"template":"","format":"standard","meta":{"footnotes":""},"categories":[1],"tags":[],"class_list":["post-757","post","type-post","status-publish","format-standard","has-post-thumbnail","hentry","category-area-de-educacion"],"_links":{"self":[{"href":"https:\/\/edubolivia.org\/index.php?rest_route=\/wp\/v2\/posts\/757","targetHints":{"allow":["GET"]}}],"collection":[{"href":"https:\/\/edubolivia.org\/index.php?rest_route=\/wp\/v2\/posts"}],"about":[{"href":"https:\/\/edubolivia.org\/index.php?rest_route=\/wp\/v2\/types\/post"}],"author":[{"embeddable":true,"href":"https:\/\/edubolivia.org\/index.php?rest_route=\/wp\/v2\/users\/1"}],"replies":[{"embeddable":true,"href":"https:\/\/edubolivia.org\/index.php?rest_route=%2Fwp%2Fv2%2Fcomments&post=757"}],"version-history":[{"count":1,"href":"https:\/\/edubolivia.org\/index.php?rest_route=\/wp\/v2\/posts\/757\/revisions"}],"predecessor-version":[{"id":759,"href":"https:\/\/edubolivia.org\/index.php?rest_route=\/wp\/v2\/posts\/757\/revisions\/759"}],"wp:featuredmedia":[{"embeddable":true,"href":"https:\/\/edubolivia.org\/index.php?rest_route=\/wp\/v2\/media\/758"}],"wp:attachment":[{"href":"https:\/\/edubolivia.org\/index.php?rest_route=%2Fwp%2Fv2%2Fmedia&parent=757"}],"wp:term":[{"taxonomy":"category","embeddable":true,"href":"https:\/\/edubolivia.org\/index.php?rest_route=%2Fwp%2Fv2%2Fcategories&post=757"},{"taxonomy":"post_tag","embeddable":true,"href":"https:\/\/edubolivia.org\/index.php?rest_route=%2Fwp%2Fv2%2Ftags&post=757"}],"curies":[{"name":"wp","href":"https:\/\/api.w.org\/{rel}","templated":true}]}}