{"id":693,"date":"2025-02-21T10:13:00","date_gmt":"2025-02-21T10:13:00","guid":{"rendered":"https:\/\/edubolivia.org\/?p=693"},"modified":"2025-02-27T17:15:01","modified_gmt":"2025-02-27T17:15:01","slug":"comunidad-educativa-de-la-iglesia-catolica-boliviana-se-reune-para-proyectar-el-trienio-2025-2027","status":"publish","type":"post","link":"https:\/\/edubolivia.org\/?p=693","title":{"rendered":"Comunidad Educativa de la Iglesia Cat\u00f3lica Boliviana se re\u00fane para proyectar el trienio (2025-2027)"},"content":{"rendered":"\n<p><strong>Prensa CEB 21.02.2025.&nbsp;<\/strong>Del 21 al 22 de febrero se lleva a cabo en la ciudad de Cochabamba el Encuentro Nacional de la Comunidad Educativa de la Iglesia Cat\u00f3lica Boliviana (CEICAB). Jorge Fern\u00e1ndez, secretario Ejecutivo del \u00c1rea de Educaci\u00f3n de la CEB, comparti\u00f3 detalles sobre los objetivos principales de esta reuni\u00f3n centrada en la planificaci\u00f3n estrat\u00e9gica para el trienio 2025-2027 y la alineaci\u00f3n de las iniciativas educativas con las directrices de los obispos de Bolivia.<\/p>\n\n\n\n<iframe loading=\"lazy\" src=\"https:\/\/www.facebook.com\/plugins\/video.php?href=https%3A%2F%2Fwww.facebook.com%2FConferenciaEpiscopalBoliviana%2Fvideos%2F500418993103372%2F%3Fref%3Dembed_video&#038;show_text=0&#038;width=560\" width=\"560\" height=\"315\" style=\"border:none;overflow:hidden\" scrolling=\"no\" frameborder=\"0\" allowfullscreen=\"true\" allow=\"autoplay; clipboard-write; encrypted-media; picture-in-picture; web-share\" allowFullScreen=\"true\"><\/iframe>\n\n\n\n<p>El encuentro tiene como prop\u00f3sito presentar el plan de trabajo trienal que guiar\u00e1 las acciones del \u00e1rea de educaci\u00f3n, en consonancia con el liderazgo de Monse\u00f1or Jorge Sald\u00edas, obispo de la di\u00f3cesis de Tarija y responsable del \u00c1rea de Educaci\u00f3n de la CEB, quien acompa\u00f1a este encuentro nacional.<\/p>\n\n\n\n<p>Este plan se sustenta en el enfoque y las directrices trazadas por los obispos, asegurando que el servicio educativo ofrecido por la Iglesia Cat\u00f3lica responda a las necesidades y desaf\u00edos del contexto actual. Adem\u00e1s, se analizar\u00e1 la tercera enmienda de la Iglesia Cat\u00f3lica con el Estado boliviano, evaluando su impacto y las oportunidades que presenta para la labor educativa.<\/p>\n\n\n\n<figure class=\"wp-block-image\"><img decoding=\"async\" src=\"https:\/\/ceb.bo\/wp-content\/uploads\/2025\/02\/Screenshot_2-1-1024x572.jpg\" alt=\"\" class=\"wp-image-33825\"\/><\/figure>\n\n\n\n<p>Uno de los temas centrales ser\u00e1 la reflexi\u00f3n sobre el servicio y el trabajo que se est\u00e1 desarrollando la normal cat\u00f3lica. Se abordar\u00e1 la importancia de esta instituci\u00f3n desde la necesidad de fortalecer la presencia y servicio de los educadores en las 18 jurisdicciones eclesi\u00e1sticas del pa\u00eds. Asimismo, se presentar\u00e1 y discutir\u00e1 la propuesta curricular que el \u00e1rea de educaci\u00f3n est\u00e1 desarrollando, con el objetivo de implementarla en los servicios educativos ofrecidos por la Iglesia Cat\u00f3lica.<\/p>\n\n\n\n<p>Finalmente, Fern\u00e1ndez destac\u00f3 el compromiso con la formaci\u00f3n continua de los educadores, anunciando un diplomado en prevenci\u00f3n de la violencia en instancias educativas, ofrecido por la Universidad Salesiana de Bolivia. Este programa busca fortalecer las capacidades de los docentes para crear entornos seguros para los estudiantes.<\/p>\n\n\n\n<p>De igual forma, y en sinton\u00eda con el llamado del Papa Francisco, el \u00e1rea de educaci\u00f3n tambi\u00e9n proyectar\u00e1 actividades relacionadas con el a\u00f1o jubilar, promoviendo iniciativas que fomenten la fe, la esperanza y la caridad en las comunidades educativas de todo el pa\u00eds.<\/p>\n\n\n\n<figure class=\"wp-block-image\"><img decoding=\"async\" src=\"https:\/\/ceb.bo\/wp-content\/uploads\/2025\/02\/Screenshot_3-1.jpg\" alt=\"\" class=\"wp-image-33826\"\/><\/figure>\n","protected":false},"excerpt":{"rendered":"<p class=\"text-justify mb-2\" >Prensa CEB 21.02.2025.&nbsp;Del 21 al 22 de febrero se lleva a cabo en la ciudad de Cochabamba el Encuentro Nacional de la Comunidad Educativa de la Iglesia Cat\u00f3lica Boliviana (CEICAB). Jorge Fern\u00e1ndez, secretario Ejecutivo del \u00c1rea de Educaci\u00f3n de la CEB, comparti\u00f3 detalles sobre los [&hellip;]<\/p>\n","protected":false},"author":1,"featured_media":694,"comment_status":"closed","ping_status":"open","sticky":false,"template":"","format":"standard","meta":{"footnotes":""},"categories":[1],"tags":[],"class_list":["post-693","post","type-post","status-publish","format-standard","has-post-thumbnail","hentry","category-area-de-educacion"],"_links":{"self":[{"href":"https:\/\/edubolivia.org\/index.php?rest_route=\/wp\/v2\/posts\/693","targetHints":{"allow":["GET"]}}],"collection":[{"href":"https:\/\/edubolivia.org\/index.php?rest_route=\/wp\/v2\/posts"}],"about":[{"href":"https:\/\/edubolivia.org\/index.php?rest_route=\/wp\/v2\/types\/post"}],"author":[{"embeddable":true,"href":"https:\/\/edubolivia.org\/index.php?rest_route=\/wp\/v2\/users\/1"}],"replies":[{"embeddable":true,"href":"https:\/\/edubolivia.org\/index.php?rest_route=%2Fwp%2Fv2%2Fcomments&post=693"}],"version-history":[{"count":1,"href":"https:\/\/edubolivia.org\/index.php?rest_route=\/wp\/v2\/posts\/693\/revisions"}],"predecessor-version":[{"id":695,"href":"https:\/\/edubolivia.org\/index.php?rest_route=\/wp\/v2\/posts\/693\/revisions\/695"}],"wp:featuredmedia":[{"embeddable":true,"href":"https:\/\/edubolivia.org\/index.php?rest_route=\/wp\/v2\/media\/694"}],"wp:attachment":[{"href":"https:\/\/edubolivia.org\/index.php?rest_route=%2Fwp%2Fv2%2Fmedia&parent=693"}],"wp:term":[{"taxonomy":"category","embeddable":true,"href":"https:\/\/edubolivia.org\/index.php?rest_route=%2Fwp%2Fv2%2Fcategories&post=693"},{"taxonomy":"post_tag","embeddable":true,"href":"https:\/\/edubolivia.org\/index.php?rest_route=%2Fwp%2Fv2%2Ftags&post=693"}],"curies":[{"name":"wp","href":"https:\/\/api.w.org\/{rel}","templated":true}]}}