{"id":684,"date":"2025-02-22T16:50:19","date_gmt":"2025-02-22T16:50:19","guid":{"rendered":"https:\/\/edubolivia.org\/?p=684"},"modified":"2025-02-27T17:03:50","modified_gmt":"2025-02-27T17:03:50","slug":"area-de-educacion-de-la-ceb-impulsa-proyectos-para-la-educacion-catolica-en-bolivia","status":"publish","type":"post","link":"https:\/\/edubolivia.org\/?p=684","title":{"rendered":"\u00c1rea de Educaci\u00f3n de la CEB impulsa proyectos para la Educaci\u00f3n Cat\u00f3lica en Bolivia"},"content":{"rendered":"\n<p><strong>Prensa CEB 21.02.2025.&nbsp;<\/strong>&nbsp;En el marco del Encuentro Nacional de la Comunidad Educativa de la Iglesia Cat\u00f3lica Boliviana (CEICAB), Julio C\u00e9sar Su\u00e1rez, colaborador pastoral del \u00e1rea de educaci\u00f3n de la CEB, present\u00f3 los proyectos que marcan la gesti\u00f3n actual en el \u00e1mbito educativo cat\u00f3lico, impulsados desde esta \u00e1rea.<\/p>\n\n\n\n<iframe loading=\"lazy\" src=\"https:\/\/www.facebook.com\/plugins\/video.php?height=314&#038;href=https%3A%2F%2Fwww.facebook.com%2FConferenciaEpiscopalBoliviana%2Fvideos%2F3890137514589838%2F&#038;show_text=false&#038;width=560&#038;t=0\" width=\"560\" height=\"314\" style=\"border:none;overflow:hidden\" scrolling=\"no\" frameborder=\"0\" allowfullscreen=\"true\" allow=\"autoplay; clipboard-write; encrypted-media; picture-in-picture; web-share\" allowFullScreen=\"true\"><\/iframe>\n\n\n\n<p>Estos proyectos, son dirigidos a fortalecer la calidad y el alcance de la educaci\u00f3n en las unidades educativas cat\u00f3licas del pa\u00eds, abarcan desde la prevenci\u00f3n de la violencia hasta la actualizaci\u00f3n tecnol\u00f3gica de los docentes y el acompa\u00f1amiento pastoral en las di\u00f3cesis.<\/p>\n\n\n\n<p>Uno de ellos es la creaci\u00f3n de espacios seguros en las unidades educativas cat\u00f3licas. Este proyecto se enfoca en la socializaci\u00f3n e implementaci\u00f3n de protocolos de prevenci\u00f3n de la violencia, buscando garantizar entornos sanos y seguros para los estudiantes.<\/p>\n\n\n\n<figure class=\"wp-block-image\"><img decoding=\"async\" src=\"https:\/\/ceb.bo\/wp-content\/uploads\/2025\/02\/DJI_20250221_100020_655-1024x576.jpeg\" alt=\"\" class=\"wp-image-33831\"\/><\/figure>\n\n\n\n<p>Otro proyecto destacado es la iniciativa \u00abEducadores Digitales para la Pastoral\u00bb, que surge como respuesta a las necesidades identificadas en el congreso nacional del a\u00f1o 2023. Este programa busca actualizar las capacidades t\u00e9cnico-tecnol\u00f3gicas de los docentes, reconociendo la importancia de las herramientas digitales en la formaci\u00f3n de los estudiantes.<\/p>\n\n\n\n<figure class=\"wp-block-image\"><img decoding=\"async\" src=\"https:\/\/ceb.bo\/wp-content\/uploads\/2025\/02\/DJI_20250221_100044_565-1024x576.jpeg\" alt=\"\" class=\"wp-image-33829\"\/><\/figure>\n\n\n\n<p>Adem\u00e1s, se impulsar\u00e1 el acompa\u00f1amiento pastoral en las 17 delegaciones jurisdiccionales de educaci\u00f3n. Este proyecto tiene como objetivo fortalecer la unidad y animar el trabajo pastoral en todas las di\u00f3cesis.<\/p>\n\n\n\n<p>Finalmente, se implementar\u00e1 el \u00abProyecto de Vida Integral\u00bb, dirigido a estudiantes de pre-promoci\u00f3n y promoci\u00f3n. Este programa busca capacitar a los j\u00f3venes en temas como liderazgo y resoluci\u00f3n de conflictos, brind\u00e1ndoles herramientas para afrontar el futuro con mayores capacidades.<\/p>\n","protected":false},"excerpt":{"rendered":"<p class=\"text-justify mb-2\" >Prensa CEB 21.02.2025.&nbsp;&nbsp;En el marco del Encuentro Nacional de la Comunidad Educativa de la Iglesia Cat\u00f3lica Boliviana (CEICAB), Julio C\u00e9sar Su\u00e1rez, colaborador pastoral del \u00e1rea de educaci\u00f3n de la CEB, present\u00f3 los proyectos que marcan la gesti\u00f3n actual en el \u00e1mbito educativo cat\u00f3lico, impulsados desde [&hellip;]<\/p>\n","protected":false},"author":1,"featured_media":685,"comment_status":"closed","ping_status":"open","sticky":false,"template":"","format":"standard","meta":{"footnotes":""},"categories":[1],"tags":[10,7,12],"class_list":["post-684","post","type-post","status-publish","format-standard","has-post-thumbnail","hentry","category-area-de-educacion","tag-convenio","tag-educacion","tag-iglesia-estado"],"_links":{"self":[{"href":"https:\/\/edubolivia.org\/index.php?rest_route=\/wp\/v2\/posts\/684","targetHints":{"allow":["GET"]}}],"collection":[{"href":"https:\/\/edubolivia.org\/index.php?rest_route=\/wp\/v2\/posts"}],"about":[{"href":"https:\/\/edubolivia.org\/index.php?rest_route=\/wp\/v2\/types\/post"}],"author":[{"embeddable":true,"href":"https:\/\/edubolivia.org\/index.php?rest_route=\/wp\/v2\/users\/1"}],"replies":[{"embeddable":true,"href":"https:\/\/edubolivia.org\/index.php?rest_route=%2Fwp%2Fv2%2Fcomments&post=684"}],"version-history":[{"count":3,"href":"https:\/\/edubolivia.org\/index.php?rest_route=\/wp\/v2\/posts\/684\/revisions"}],"predecessor-version":[{"id":689,"href":"https:\/\/edubolivia.org\/index.php?rest_route=\/wp\/v2\/posts\/684\/revisions\/689"}],"wp:featuredmedia":[{"embeddable":true,"href":"https:\/\/edubolivia.org\/index.php?rest_route=\/wp\/v2\/media\/685"}],"wp:attachment":[{"href":"https:\/\/edubolivia.org\/index.php?rest_route=%2Fwp%2Fv2%2Fmedia&parent=684"}],"wp:term":[{"taxonomy":"category","embeddable":true,"href":"https:\/\/edubolivia.org\/index.php?rest_route=%2Fwp%2Fv2%2Fcategories&post=684"},{"taxonomy":"post_tag","embeddable":true,"href":"https:\/\/edubolivia.org\/index.php?rest_route=%2Fwp%2Fv2%2Ftags&post=684"}],"curies":[{"name":"wp","href":"https:\/\/api.w.org\/{rel}","templated":true}]}}