{"id":635,"date":"2024-12-10T16:49:07","date_gmt":"2024-12-10T16:49:07","guid":{"rendered":"https:\/\/edubolivia.org\/?p=635"},"modified":"2024-12-11T16:51:17","modified_gmt":"2024-12-11T16:51:17","slug":"informe-general-congreso-plurinacional-de-educacion-a-la-comunidad-educativa-catolica","status":"publish","type":"post","link":"https:\/\/edubolivia.org\/?p=635","title":{"rendered":"INFORME GENERAL: CONGRESO PLURINACIONAL DE EDUCACI\u00d3N &#8211; A LA COMUNIDAD EDUCATIVA CAT\u00d3LICA"},"content":{"rendered":"\n<p>La delegaci\u00f3n de la Iglesia Cat\u00f3lica, que fue invitada a participar del Congreso Plurinacional de Educaci\u00f3n tiene a bien informar:<\/p>\n\n\n\n<p>Nuestra representaci\u00f3n fue conformada por delegados de diferentes Jurisdicciones y obras educativas del pa\u00eds, las cuales estuvieron presentes en catorce mesas de trabajo de las veintid\u00f3s que estuvieron habilitadas.<\/p>\n\n\n\n<p>La delegaci\u00f3n estuvo presente en mesas como orientaci\u00f3n curricular, gesti\u00f3n educativa, de educaci\u00f3n regular, de educaci\u00f3n tecnol\u00f3gica, de educaci\u00f3n superior, de educaci\u00f3n alternativa especial y de financiamiento de la educaci\u00f3n.<\/p>\n\n\n\n<p>La diversidad de enfoques en las mesas de trabajo hizo que nuestra participaci\u00f3n tambi\u00e9n tenga incidencia en cada una de ellas y podamos tener alg\u00fan criterio que ayude a visibilizar la educaci\u00f3n de convenio y la educaci\u00f3n superior.<\/p>\n\n\n\n<p><strong>CONTEXTO.<\/strong><\/p>\n\n\n\n<p>El Congreso, en los primeros tres d\u00edas, fue trabajo por comisiones y dos destinados a la reflexi\u00f3n conjunta de todos los actores que intervienen en la educaci\u00f3n; desde luego, la participaci\u00f3n de la representaci\u00f3n del magisterio Rural y Urbano ha sido quiz\u00e1 mayoritaria.<\/p>\n\n\n\n<p>Los documentos de trabajo fueron los que proporcion\u00f3 el comit\u00e9 organizador del Ministerio de educaci\u00f3n que, se\u00f1ala, recog\u00edan el trabajo realizado en los eventos distritales y departamentales, la reglamentaci\u00f3n para el trabajo y las pol\u00edticas propuestas.<\/p>\n\n\n\n<p>Otra caracter\u00edstica de las mesas fue la fuerte presencia de delegados del magisterio urbano y rural, quienes tuvieron intervenciones moderadas pero cargadas de consignas a ser trabajadas, en alguna mesa se subi\u00f3 el tono, pero no paso a mayores.<\/p>\n\n\n\n<p>Hab\u00eda personas invitadas de organizaciones Internacionales como de UNICEF y personas del Defensor del Pueblo.<\/p>\n\n\n\n<p><strong>PLENARIA.<\/strong><\/p>\n\n\n\n<p>El trabajo se desarroll\u00f3 en tres momentos: Trabajo por Comisiones, Plenaria de Comisiones y Plenaria General. Especialmente, la metodolog\u00eda de trabajo del primer momento no fue clara, conocida ni gestionada coherentemente, por los miembros de la directiva de cada instancia de trabajo.<\/p>\n\n\n\n<p>Los \u00faltimos dos d\u00edas se realizaron en plenaria conjunta, lo cual fue muy abrumador, pues es en ese ambiente que surgieron con mayor fuerza la beligerancia entre sectores, con discursos encendidos que, en concreto, hicieron conocer leg\u00edtimas demandas que deber\u00edan ser consideradas en espacios m\u00e1s t\u00e9cnicos.<\/p>\n\n\n\n<p>Uno de los puntos m\u00e1s debatidos fue la necesidad de hacer una Auditoria, Evaluaci\u00f3n a la Ley 070, punto que en nuestro criterio era muy importante de realizar, pero que finalmente no se aprob\u00f3, dado que en los a\u00f1os de aplicaci\u00f3n de la ley educativa vigente y su propuesta curricular no se cuenta con evaluaciones cient\u00edficas que develen un diagn\u00f3stico real de su aprovechamiento, se sugiri\u00f3 una evaluaci\u00f3n externa.<\/p>\n\n\n\n<p>Vemos como positivo que el conjunto de congresales haya aprobado en las primeras mesas de debate y aprobaci\u00f3n, el que la Educaci\u00f3n de Convenio tambi\u00e9n sea tomada en los presupuestos municipales y departamentales para mantenimiento, infraestructura y equipamiento, sabiendo que el trabajo de la Iglesia es para el bien de poblaciones vulnerables.<\/p>\n\n\n\n<p><strong>CONCLUSIONES.<\/strong><\/p>\n\n\n\n<p>Cuando el presidio decidi\u00f3 suspender el Congreso, a solicitud de una organizaci\u00f3n social, por el nivel de tensi\u00f3n, sin haber debatido gran parte de lo trabajado en varias comisiones, nos queda la inc\u00f3gnita y preocupaci\u00f3n de lo que estar\u00e1 consignado en el documento final que el Ministerio de Educaci\u00f3n vaya a presentar y socializar a inicios del pr\u00f3ximo a\u00f1o y que se vaya a pensar que la delegaci\u00f3n de la Iglesia estuvo o est\u00e1 de acuerdo con ello.<\/p>\n\n\n\n<p>Entre las conclusiones que se aprobaron, est\u00e1n la modificaci\u00f3n curricular para que \u00e9sta tenga caracter\u00edsticas tecnol\u00f3gicas e industrializadoras, pero no explicaron el c\u00f3mo lo har\u00e1n.<\/p>\n\n\n\n<p>Un punto en el que tanto el magisterio urbano como magisterio rural coincidieron fue en la asignaci\u00f3n presupuestaria, por parte del TGN, sea del 33% para educaci\u00f3n.<\/p>\n\n\n\n<p><strong>LOGROS DE LA PARTICIPACI\u00d3N DE LA IGLESIA CAT\u00d3LICA<\/strong><\/p>\n\n\n\n<p>La participaci\u00f3n de la Iglesia Cat\u00f3lica en el Congreso tuvo varios logros importantes:<\/p>\n\n\n\n<ul class=\"wp-block-list\">\n<li><strong><em>Influencia en la formaci\u00f3n docente<\/em><\/strong>: Se logr\u00f3 una participaci\u00f3n activa en el debate sobre la formaci\u00f3n docente y se evidenci\u00f3 un compromiso con la mejora de la calidad educativa en Bolivia.<\/li>\n\n\n\n<li><strong><em>Formaci\u00f3n en valores y virtudes:<\/em><\/strong> Se aprob\u00f3 la formaci\u00f3n en valores y virtudes con la participaci\u00f3n de la familia y la escuela, reforzando la importancia del \u00c1rea de Valores, Espiritualidad y Religiones.<\/li>\n\n\n\n<li><strong><em>Priorizaci\u00f3n de contenidos curriculares en el Nivel Primaria:<\/em><\/strong> Se observ\u00f3 que la abundancia de contenidos en las distintas \u00e1reas impide un desarrollo profundo de los mismos. Por tanto, se propuso una priorizaci\u00f3n estrat\u00e9gica que permita el desarrollo de los perfiles de salida b\u00e1sicos: expresi\u00f3n oral y escrita, lectura comprensiva y pensamiento l\u00f3gico-matem\u00e1tico.<\/li>\n\n\n\n<li><strong><em>Participaci\u00f3n de las familias:<\/em><\/strong> Se reconoci\u00f3 la importancia de la participaci\u00f3n de las familias en la formaci\u00f3n integral de los estudiantes.<\/li>\n\n\n\n<li><strong><em>Formaci\u00f3n permanente y acompa\u00f1amiento al trabajo pedag\u00f3gico<\/em><\/strong>: Se validaron los esfuerzos de la Iglesia Cat\u00f3lica en sus unidades educativas, a trav\u00e9s de cursos, talleres y acompa\u00f1amiento pedag\u00f3gico para mejorar la pr\u00e1ctica docente.<\/li>\n\n\n\n<li><strong><em>Fortalecimiento de la formaci\u00f3n t\u00e9cnico-pedag\u00f3gica:<\/em><\/strong> Se impuls\u00f3 la formaci\u00f3n t\u00e9cnico-pedag\u00f3gica desde las bases, a trav\u00e9s de la conformaci\u00f3n de equipos de especialidad y comunidades de aprendizaje de maestros.<\/li>\n\n\n\n<li><strong><em>Inclusi\u00f3n de principios importantes<\/em><\/strong>: Se aprobaron varios principios que reflejan la visi\u00f3n de la Iglesia Cat\u00f3lica sobre la educaci\u00f3n, como el enfoque de educaci\u00f3n integral en los estudiantes, el liderazgo en las autoridades educativas, el compromiso en los actores educativos y la gesti\u00f3n de las relaciones.<\/li>\n\n\n\n<li><strong><em>Aporte positivo al debate<\/em><\/strong>: La participaci\u00f3n de la Iglesia Cat\u00f3lica fue \u00ab<em>enriquecedora y mediadora\u00bb<\/em>, permitiendo que su voz fuera escuchada y sus propuestas consideradas.<\/li>\n\n\n\n<li><strong><em>Informe final del Congreso Educativo<\/em><\/strong>: Los delegados de la Iglesia Cat\u00f3lica, deben estar atentos al Informe Final del Congreso Educativo para analizar, evaluar y buscar las directrices a seguir en bien de la educaci\u00f3n del Estado.<\/li>\n<\/ul>\n\n\n\n<p>Es lo que podemos informar en virtud de nuestra participaci\u00f3n.<\/p>\n\n\n\n<p>Fraternalmente.&nbsp;<\/p>\n\n\n\n<p><strong>Representantes de la Iglesia Cat\u00f3lica al<\/strong> <strong>Congreso Plurinacional de Educaci\u00f3n<\/strong><\/p>\n\n\n\n<figure class=\"wp-block-image size-large\"><img loading=\"lazy\" decoding=\"async\" width=\"1024\" height=\"768\" src=\"https:\/\/edubolivia.org\/wp-content\/uploads\/2024\/12\/WhatsApp-Image-2024-11-26-at-22.21.37-1024x768.jpeg\" alt=\"\" class=\"wp-image-616\" srcset=\"https:\/\/edubolivia.org\/wp-content\/uploads\/2024\/12\/WhatsApp-Image-2024-11-26-at-22.21.37-1024x768.jpeg 1024w, https:\/\/edubolivia.org\/wp-content\/uploads\/2024\/12\/WhatsApp-Image-2024-11-26-at-22.21.37-300x225.jpeg 300w, https:\/\/edubolivia.org\/wp-content\/uploads\/2024\/12\/WhatsApp-Image-2024-11-26-at-22.21.37-768x576.jpeg 768w, https:\/\/edubolivia.org\/wp-content\/uploads\/2024\/12\/WhatsApp-Image-2024-11-26-at-22.21.37.jpeg 1280w\" sizes=\"auto, (max-width: 1024px) 100vw, 1024px\" \/><\/figure>\n","protected":false},"excerpt":{"rendered":"<p class=\"text-justify mb-2\" >La delegaci\u00f3n de la Iglesia Cat\u00f3lica, que fue invitada a participar del Congreso Plurinacional de Educaci\u00f3n tiene a bien informar: Nuestra representaci\u00f3n fue conformada por delegados de diferentes Jurisdicciones y obras educativas del pa\u00eds, las cuales estuvieron presentes en catorce mesas de trabajo de las [&hellip;]<\/p>\n","protected":false},"author":1,"featured_media":616,"comment_status":"closed","ping_status":"open","sticky":false,"template":"","format":"standard","meta":{"footnotes":""},"categories":[1,17,6],"tags":[],"class_list":["post-635","post","type-post","status-publish","format-standard","has-post-thumbnail","hentry","category-area-de-educacion","category-ceb","category-minedu"],"_links":{"self":[{"href":"https:\/\/edubolivia.org\/index.php?rest_route=\/wp\/v2\/posts\/635","targetHints":{"allow":["GET"]}}],"collection":[{"href":"https:\/\/edubolivia.org\/index.php?rest_route=\/wp\/v2\/posts"}],"about":[{"href":"https:\/\/edubolivia.org\/index.php?rest_route=\/wp\/v2\/types\/post"}],"author":[{"embeddable":true,"href":"https:\/\/edubolivia.org\/index.php?rest_route=\/wp\/v2\/users\/1"}],"replies":[{"embeddable":true,"href":"https:\/\/edubolivia.org\/index.php?rest_route=%2Fwp%2Fv2%2Fcomments&post=635"}],"version-history":[{"count":2,"href":"https:\/\/edubolivia.org\/index.php?rest_route=\/wp\/v2\/posts\/635\/revisions"}],"predecessor-version":[{"id":637,"href":"https:\/\/edubolivia.org\/index.php?rest_route=\/wp\/v2\/posts\/635\/revisions\/637"}],"wp:featuredmedia":[{"embeddable":true,"href":"https:\/\/edubolivia.org\/index.php?rest_route=\/wp\/v2\/media\/616"}],"wp:attachment":[{"href":"https:\/\/edubolivia.org\/index.php?rest_route=%2Fwp%2Fv2%2Fmedia&parent=635"}],"wp:term":[{"taxonomy":"category","embeddable":true,"href":"https:\/\/edubolivia.org\/index.php?rest_route=%2Fwp%2Fv2%2Fcategories&post=635"},{"taxonomy":"post_tag","embeddable":true,"href":"https:\/\/edubolivia.org\/index.php?rest_route=%2Fwp%2Fv2%2Ftags&post=635"}],"curies":[{"name":"wp","href":"https:\/\/api.w.org\/{rel}","templated":true}]}}