{"id":422,"date":"2024-08-14T18:54:10","date_gmt":"2024-08-14T18:54:10","guid":{"rendered":"https:\/\/edubolivia.org\/?p=422"},"modified":"2024-10-17T16:54:05","modified_gmt":"2024-10-17T16:54:05","slug":"iglesia-catolica-y-ministerio-de-educacion-en-reunion-de-coordinacion-por-el-tema-del-convenio-sectorial-de-educacion","status":"publish","type":"post","link":"https:\/\/edubolivia.org\/?p=422","title":{"rendered":"Iglesia Cat\u00f3lica y Ministerio de Educaci\u00f3n en reuni\u00f3n de coordinaci\u00f3n por el tema del Convenio Sectorial de Educaci\u00f3n"},"content":{"rendered":"\n<p>AED<\/p>\n\n\n\n<p>El \u00c1rea de Educaci\u00f3n, en la fecha del 13 de agosto, estuvo presente en una importante reuni\u00f3n de coordinaci\u00f3n interinstitucional que congreg\u00f3 a representantes del Ministerio de Educaci\u00f3n y la Conferencia Episcopal Boliviana. Este encuentro, cont\u00f3 con la participaci\u00f3n destacada de diversas autoridades. Por parte del Ministerio de Educaci\u00f3n, estuvieron presentes el Lic. Omar V\u00e9liz, ministro de Educaci\u00f3n, as\u00ed como los viceministros Eudal Tejerina, Viviana Mamani, y Jos\u00e9 Luis Guti\u00e9rrez, quienes, acompa\u00f1ados por sus asesores legales, contribuyeron al desarrollo de la reuni\u00f3n.<\/p>\n\n\n\n<p>Por parte de la Iglesia, la representaci\u00f3n estuvo a cargo del Sr. Nuncio, Mons. Ferm\u00edn Sosa, quien estuvo acompa\u00f1ado por Mons. Fernando Bascop\u00e9, el P. Ivan Martis, la Dra. Susana Inch, y el Lic. Jorge Fern\u00e1ndez. La presencia de estas figuras clave subray\u00f3 la importancia del di\u00e1logo y la colaboraci\u00f3n entre ambas instituciones.<\/p>\n\n\n\n<p>Durante la reuni\u00f3n, se abordaron diversos temas de inter\u00e9s mutuo, siendo el tema central el Convenio Sectorial de Educaci\u00f3n. En el transcurso de la discusi\u00f3n, se lograron aclarar varios puntos cruciales, lo que permiti\u00f3 avanzar significativamente en las negociaciones. Como resultado, se acord\u00f3 tentativamente una fecha para la firma de este convenio, un paso que sin duda traer\u00e1 consigo un gran beneficio para toda la comunidad educativa de los colegios de convenio.<\/p>\n\n\n\n<p>Asimismo, se trat\u00f3 el tema de la participaci\u00f3n en el Congreso Plurinacional de Educaci\u00f3n, un evento de suma importancia que se llevar\u00e1 a cabo en la ciudad de Cochabamba en el mes de noviembre pr\u00f3ximo. La participaci\u00f3n en este congreso representa una oportunidad invaluable para seguir fortaleciendo la cooperaci\u00f3n entre el Ministerio de Educaci\u00f3n y la Conferencia Episcopal Boliviana, en beneficio de la educaci\u00f3n en Bolivia.<\/p>\n\n\n\n<p><\/p>\n\n\n\n<figure class=\"wp-block-gallery has-nested-images columns-default is-cropped wp-block-gallery-1 is-layout-flex wp-block-gallery-is-layout-flex\">\n<figure class=\"wp-block-image size-large\"><a href=\"https:\/\/edubolivia.org\/wp-content\/uploads\/2024\/08\/2024-08-13-ReunionMinEduAED-3-scaled.jpg\" target=\"_blank\" rel=\"noopener\"><img loading=\"lazy\" decoding=\"async\" width=\"1024\" height=\"683\" data-id=\"425\" src=\"https:\/\/edubolivia.org\/wp-content\/uploads\/2024\/08\/2024-08-13-ReunionMinEduAED-3-1024x683.jpg\" alt=\"\" class=\"wp-image-425\" srcset=\"https:\/\/edubolivia.org\/wp-content\/uploads\/2024\/08\/2024-08-13-ReunionMinEduAED-3-1024x683.jpg 1024w, https:\/\/edubolivia.org\/wp-content\/uploads\/2024\/08\/2024-08-13-ReunionMinEduAED-3-300x200.jpg 300w, https:\/\/edubolivia.org\/wp-content\/uploads\/2024\/08\/2024-08-13-ReunionMinEduAED-3-768x512.jpg 768w, https:\/\/edubolivia.org\/wp-content\/uploads\/2024\/08\/2024-08-13-ReunionMinEduAED-3-1536x1024.jpg 1536w, https:\/\/edubolivia.org\/wp-content\/uploads\/2024\/08\/2024-08-13-ReunionMinEduAED-3-2048x1365.jpg 2048w, https:\/\/edubolivia.org\/wp-content\/uploads\/2024\/08\/2024-08-13-ReunionMinEduAED-3-650x434.jpg 650w, https:\/\/edubolivia.org\/wp-content\/uploads\/2024\/08\/2024-08-13-ReunionMinEduAED-3-730x487.jpg 730w, https:\/\/edubolivia.org\/wp-content\/uploads\/2024\/08\/2024-08-13-ReunionMinEduAED-3-112x75.jpg 112w, https:\/\/edubolivia.org\/wp-content\/uploads\/2024\/08\/2024-08-13-ReunionMinEduAED-3-425x283.jpg 425w, https:\/\/edubolivia.org\/wp-content\/uploads\/2024\/08\/2024-08-13-ReunionMinEduAED-3-430x287.jpg 430w\" sizes=\"auto, (max-width: 1024px) 100vw, 1024px\" \/><\/a><\/figure>\n\n\n\n<figure class=\"wp-block-image size-large\"><a href=\"https:\/\/edubolivia.org\/wp-content\/uploads\/2024\/08\/2024-08-13-ReunionMinEduAED-1-scaled.jpg\" target=\"_blank\" rel=\"noopener\"><img loading=\"lazy\" decoding=\"async\" width=\"1024\" height=\"683\" data-id=\"423\" src=\"https:\/\/edubolivia.org\/wp-content\/uploads\/2024\/08\/2024-08-13-ReunionMinEduAED-1-1024x683.jpg\" alt=\"\" class=\"wp-image-423\" srcset=\"https:\/\/edubolivia.org\/wp-content\/uploads\/2024\/08\/2024-08-13-ReunionMinEduAED-1-1024x683.jpg 1024w, https:\/\/edubolivia.org\/wp-content\/uploads\/2024\/08\/2024-08-13-ReunionMinEduAED-1-300x200.jpg 300w, https:\/\/edubolivia.org\/wp-content\/uploads\/2024\/08\/2024-08-13-ReunionMinEduAED-1-768x512.jpg 768w, https:\/\/edubolivia.org\/wp-content\/uploads\/2024\/08\/2024-08-13-ReunionMinEduAED-1-1536x1024.jpg 1536w, https:\/\/edubolivia.org\/wp-content\/uploads\/2024\/08\/2024-08-13-ReunionMinEduAED-1-2048x1365.jpg 2048w, https:\/\/edubolivia.org\/wp-content\/uploads\/2024\/08\/2024-08-13-ReunionMinEduAED-1-650x434.jpg 650w, https:\/\/edubolivia.org\/wp-content\/uploads\/2024\/08\/2024-08-13-ReunionMinEduAED-1-730x487.jpg 730w, https:\/\/edubolivia.org\/wp-content\/uploads\/2024\/08\/2024-08-13-ReunionMinEduAED-1-112x75.jpg 112w, https:\/\/edubolivia.org\/wp-content\/uploads\/2024\/08\/2024-08-13-ReunionMinEduAED-1-425x283.jpg 425w, https:\/\/edubolivia.org\/wp-content\/uploads\/2024\/08\/2024-08-13-ReunionMinEduAED-1-430x287.jpg 430w\" sizes=\"auto, (max-width: 1024px) 100vw, 1024px\" \/><\/a><\/figure>\n\n\n\n<figure class=\"wp-block-image size-large\"><a href=\"https:\/\/edubolivia.org\/wp-content\/uploads\/2024\/08\/2024-08-13-ReunionMinEduAED-9-scaled.jpg\" target=\"_blank\" rel=\"noopener\"><img loading=\"lazy\" decoding=\"async\" width=\"1024\" height=\"683\" data-id=\"431\" src=\"https:\/\/edubolivia.org\/wp-content\/uploads\/2024\/08\/2024-08-13-ReunionMinEduAED-9-1024x683.jpg\" alt=\"\" class=\"wp-image-431\" srcset=\"https:\/\/edubolivia.org\/wp-content\/uploads\/2024\/08\/2024-08-13-ReunionMinEduAED-9-1024x683.jpg 1024w, https:\/\/edubolivia.org\/wp-content\/uploads\/2024\/08\/2024-08-13-ReunionMinEduAED-9-300x200.jpg 300w, https:\/\/edubolivia.org\/wp-content\/uploads\/2024\/08\/2024-08-13-ReunionMinEduAED-9-768x512.jpg 768w, https:\/\/edubolivia.org\/wp-content\/uploads\/2024\/08\/2024-08-13-ReunionMinEduAED-9-1536x1024.jpg 1536w, https:\/\/edubolivia.org\/wp-content\/uploads\/2024\/08\/2024-08-13-ReunionMinEduAED-9-2048x1365.jpg 2048w, https:\/\/edubolivia.org\/wp-content\/uploads\/2024\/08\/2024-08-13-ReunionMinEduAED-9-650x434.jpg 650w, https:\/\/edubolivia.org\/wp-content\/uploads\/2024\/08\/2024-08-13-ReunionMinEduAED-9-730x487.jpg 730w, https:\/\/edubolivia.org\/wp-content\/uploads\/2024\/08\/2024-08-13-ReunionMinEduAED-9-112x75.jpg 112w, https:\/\/edubolivia.org\/wp-content\/uploads\/2024\/08\/2024-08-13-ReunionMinEduAED-9-425x283.jpg 425w, https:\/\/edubolivia.org\/wp-content\/uploads\/2024\/08\/2024-08-13-ReunionMinEduAED-9-430x287.jpg 430w\" sizes=\"auto, (max-width: 1024px) 100vw, 1024px\" \/><\/a><\/figure>\n\n\n\n<figure class=\"wp-block-image size-large\"><a href=\"https:\/\/edubolivia.org\/wp-content\/uploads\/2024\/08\/2024-08-13-ReunionMinEduAED-2-scaled.jpg\" target=\"_blank\" rel=\"noopener\"><img loading=\"lazy\" decoding=\"async\" width=\"1024\" height=\"683\" data-id=\"424\" src=\"https:\/\/edubolivia.org\/wp-content\/uploads\/2024\/08\/2024-08-13-ReunionMinEduAED-2-1024x683.jpg\" alt=\"\" class=\"wp-image-424\" srcset=\"https:\/\/edubolivia.org\/wp-content\/uploads\/2024\/08\/2024-08-13-ReunionMinEduAED-2-1024x683.jpg 1024w, https:\/\/edubolivia.org\/wp-content\/uploads\/2024\/08\/2024-08-13-ReunionMinEduAED-2-300x200.jpg 300w, https:\/\/edubolivia.org\/wp-content\/uploads\/2024\/08\/2024-08-13-ReunionMinEduAED-2-768x512.jpg 768w, https:\/\/edubolivia.org\/wp-content\/uploads\/2024\/08\/2024-08-13-ReunionMinEduAED-2-1536x1024.jpg 1536w, https:\/\/edubolivia.org\/wp-content\/uploads\/2024\/08\/2024-08-13-ReunionMinEduAED-2-2048x1365.jpg 2048w, https:\/\/edubolivia.org\/wp-content\/uploads\/2024\/08\/2024-08-13-ReunionMinEduAED-2-650x434.jpg 650w, https:\/\/edubolivia.org\/wp-content\/uploads\/2024\/08\/2024-08-13-ReunionMinEduAED-2-730x487.jpg 730w, https:\/\/edubolivia.org\/wp-content\/uploads\/2024\/08\/2024-08-13-ReunionMinEduAED-2-112x75.jpg 112w, https:\/\/edubolivia.org\/wp-content\/uploads\/2024\/08\/2024-08-13-ReunionMinEduAED-2-425x283.jpg 425w, https:\/\/edubolivia.org\/wp-content\/uploads\/2024\/08\/2024-08-13-ReunionMinEduAED-2-430x287.jpg 430w\" sizes=\"auto, (max-width: 1024px) 100vw, 1024px\" \/><\/a><\/figure>\n\n\n\n<figure class=\"wp-block-image size-large\"><a href=\"https:\/\/edubolivia.org\/wp-content\/uploads\/2024\/08\/2024-08-13-ReunionMinEduAED-10-scaled.jpg\" target=\"_blank\" rel=\"noopener\"><img loading=\"lazy\" decoding=\"async\" width=\"1024\" height=\"683\" data-id=\"432\" src=\"https:\/\/edubolivia.org\/wp-content\/uploads\/2024\/08\/2024-08-13-ReunionMinEduAED-10-1024x683.jpg\" alt=\"\" class=\"wp-image-432\" srcset=\"https:\/\/edubolivia.org\/wp-content\/uploads\/2024\/08\/2024-08-13-ReunionMinEduAED-10-1024x683.jpg 1024w, https:\/\/edubolivia.org\/wp-content\/uploads\/2024\/08\/2024-08-13-ReunionMinEduAED-10-300x200.jpg 300w, https:\/\/edubolivia.org\/wp-content\/uploads\/2024\/08\/2024-08-13-ReunionMinEduAED-10-768x512.jpg 768w, https:\/\/edubolivia.org\/wp-content\/uploads\/2024\/08\/2024-08-13-ReunionMinEduAED-10-1536x1024.jpg 1536w, https:\/\/edubolivia.org\/wp-content\/uploads\/2024\/08\/2024-08-13-ReunionMinEduAED-10-2048x1365.jpg 2048w, https:\/\/edubolivia.org\/wp-content\/uploads\/2024\/08\/2024-08-13-ReunionMinEduAED-10-650x434.jpg 650w, https:\/\/edubolivia.org\/wp-content\/uploads\/2024\/08\/2024-08-13-ReunionMinEduAED-10-730x487.jpg 730w, https:\/\/edubolivia.org\/wp-content\/uploads\/2024\/08\/2024-08-13-ReunionMinEduAED-10-112x75.jpg 112w, https:\/\/edubolivia.org\/wp-content\/uploads\/2024\/08\/2024-08-13-ReunionMinEduAED-10-425x283.jpg 425w, https:\/\/edubolivia.org\/wp-content\/uploads\/2024\/08\/2024-08-13-ReunionMinEduAED-10-430x287.jpg 430w\" sizes=\"auto, (max-width: 1024px) 100vw, 1024px\" \/><\/a><\/figure>\n\n\n\n<figure class=\"wp-block-image size-large\"><a href=\"https:\/\/edubolivia.org\/wp-content\/uploads\/2024\/08\/2024-08-13-ReunionMinEduAED-11-scaled.jpg\" target=\"_blank\" rel=\"noopener\"><img loading=\"lazy\" decoding=\"async\" width=\"1024\" height=\"683\" data-id=\"433\" src=\"https:\/\/edubolivia.org\/wp-content\/uploads\/2024\/08\/2024-08-13-ReunionMinEduAED-11-1024x683.jpg\" alt=\"\" class=\"wp-image-433\" srcset=\"https:\/\/edubolivia.org\/wp-content\/uploads\/2024\/08\/2024-08-13-ReunionMinEduAED-11-1024x683.jpg 1024w, https:\/\/edubolivia.org\/wp-content\/uploads\/2024\/08\/2024-08-13-ReunionMinEduAED-11-300x200.jpg 300w, https:\/\/edubolivia.org\/wp-content\/uploads\/2024\/08\/2024-08-13-ReunionMinEduAED-11-768x512.jpg 768w, https:\/\/edubolivia.org\/wp-content\/uploads\/2024\/08\/2024-08-13-ReunionMinEduAED-11-1536x1024.jpg 1536w, https:\/\/edubolivia.org\/wp-content\/uploads\/2024\/08\/2024-08-13-ReunionMinEduAED-11-2048x1365.jpg 2048w, https:\/\/edubolivia.org\/wp-content\/uploads\/2024\/08\/2024-08-13-ReunionMinEduAED-11-650x434.jpg 650w, https:\/\/edubolivia.org\/wp-content\/uploads\/2024\/08\/2024-08-13-ReunionMinEduAED-11-730x487.jpg 730w, https:\/\/edubolivia.org\/wp-content\/uploads\/2024\/08\/2024-08-13-ReunionMinEduAED-11-112x75.jpg 112w, https:\/\/edubolivia.org\/wp-content\/uploads\/2024\/08\/2024-08-13-ReunionMinEduAED-11-425x283.jpg 425w, https:\/\/edubolivia.org\/wp-content\/uploads\/2024\/08\/2024-08-13-ReunionMinEduAED-11-430x287.jpg 430w\" sizes=\"auto, (max-width: 1024px) 100vw, 1024px\" \/><\/a><\/figure>\n\n\n\n<figure class=\"wp-block-image size-large\"><a href=\"https:\/\/edubolivia.org\/wp-content\/uploads\/2024\/08\/2024-08-13-ReunionMinEduAED-8-scaled.jpg\" target=\"_blank\" rel=\"noopener\"><img loading=\"lazy\" decoding=\"async\" width=\"1024\" height=\"683\" data-id=\"430\" src=\"https:\/\/edubolivia.org\/wp-content\/uploads\/2024\/08\/2024-08-13-ReunionMinEduAED-8-1024x683.jpg\" alt=\"\" class=\"wp-image-430\" srcset=\"https:\/\/edubolivia.org\/wp-content\/uploads\/2024\/08\/2024-08-13-ReunionMinEduAED-8-1024x683.jpg 1024w, https:\/\/edubolivia.org\/wp-content\/uploads\/2024\/08\/2024-08-13-ReunionMinEduAED-8-300x200.jpg 300w, https:\/\/edubolivia.org\/wp-content\/uploads\/2024\/08\/2024-08-13-ReunionMinEduAED-8-768x512.jpg 768w, https:\/\/edubolivia.org\/wp-content\/uploads\/2024\/08\/2024-08-13-ReunionMinEduAED-8-1536x1024.jpg 1536w, https:\/\/edubolivia.org\/wp-content\/uploads\/2024\/08\/2024-08-13-ReunionMinEduAED-8-2048x1365.jpg 2048w, https:\/\/edubolivia.org\/wp-content\/uploads\/2024\/08\/2024-08-13-ReunionMinEduAED-8-650x434.jpg 650w, https:\/\/edubolivia.org\/wp-content\/uploads\/2024\/08\/2024-08-13-ReunionMinEduAED-8-730x487.jpg 730w, https:\/\/edubolivia.org\/wp-content\/uploads\/2024\/08\/2024-08-13-ReunionMinEduAED-8-112x75.jpg 112w, https:\/\/edubolivia.org\/wp-content\/uploads\/2024\/08\/2024-08-13-ReunionMinEduAED-8-425x283.jpg 425w, https:\/\/edubolivia.org\/wp-content\/uploads\/2024\/08\/2024-08-13-ReunionMinEduAED-8-430x287.jpg 430w\" sizes=\"auto, (max-width: 1024px) 100vw, 1024px\" \/><\/a><\/figure>\n\n\n\n<figure class=\"wp-block-image size-large\"><a href=\"https:\/\/edubolivia.org\/wp-content\/uploads\/2024\/08\/2024-08-13-ReunionMinEduAED-7-scaled.jpg\" target=\"_blank\" rel=\"noopener\"><img loading=\"lazy\" decoding=\"async\" width=\"1024\" height=\"683\" data-id=\"429\" src=\"https:\/\/edubolivia.org\/wp-content\/uploads\/2024\/08\/2024-08-13-ReunionMinEduAED-7-1024x683.jpg\" alt=\"\" class=\"wp-image-429\" srcset=\"https:\/\/edubolivia.org\/wp-content\/uploads\/2024\/08\/2024-08-13-ReunionMinEduAED-7-1024x683.jpg 1024w, https:\/\/edubolivia.org\/wp-content\/uploads\/2024\/08\/2024-08-13-ReunionMinEduAED-7-300x200.jpg 300w, https:\/\/edubolivia.org\/wp-content\/uploads\/2024\/08\/2024-08-13-ReunionMinEduAED-7-768x512.jpg 768w, https:\/\/edubolivia.org\/wp-content\/uploads\/2024\/08\/2024-08-13-ReunionMinEduAED-7-1536x1024.jpg 1536w, https:\/\/edubolivia.org\/wp-content\/uploads\/2024\/08\/2024-08-13-ReunionMinEduAED-7-2048x1365.jpg 2048w, https:\/\/edubolivia.org\/wp-content\/uploads\/2024\/08\/2024-08-13-ReunionMinEduAED-7-650x434.jpg 650w, https:\/\/edubolivia.org\/wp-content\/uploads\/2024\/08\/2024-08-13-ReunionMinEduAED-7-730x487.jpg 730w, https:\/\/edubolivia.org\/wp-content\/uploads\/2024\/08\/2024-08-13-ReunionMinEduAED-7-112x75.jpg 112w, https:\/\/edubolivia.org\/wp-content\/uploads\/2024\/08\/2024-08-13-ReunionMinEduAED-7-425x283.jpg 425w, https:\/\/edubolivia.org\/wp-content\/uploads\/2024\/08\/2024-08-13-ReunionMinEduAED-7-430x287.jpg 430w\" sizes=\"auto, (max-width: 1024px) 100vw, 1024px\" \/><\/a><\/figure>\n\n\n\n<figure class=\"wp-block-image size-large\"><a href=\"https:\/\/edubolivia.org\/wp-content\/uploads\/2024\/08\/2024-08-13-ReunionMinEduAED-6-scaled.jpg\" target=\"_blank\" rel=\"noopener\"><img loading=\"lazy\" decoding=\"async\" width=\"1024\" height=\"683\" data-id=\"428\" src=\"https:\/\/edubolivia.org\/wp-content\/uploads\/2024\/08\/2024-08-13-ReunionMinEduAED-6-1024x683.jpg\" alt=\"\" class=\"wp-image-428\" srcset=\"https:\/\/edubolivia.org\/wp-content\/uploads\/2024\/08\/2024-08-13-ReunionMinEduAED-6-1024x683.jpg 1024w, https:\/\/edubolivia.org\/wp-content\/uploads\/2024\/08\/2024-08-13-ReunionMinEduAED-6-300x200.jpg 300w, https:\/\/edubolivia.org\/wp-content\/uploads\/2024\/08\/2024-08-13-ReunionMinEduAED-6-768x512.jpg 768w, https:\/\/edubolivia.org\/wp-content\/uploads\/2024\/08\/2024-08-13-ReunionMinEduAED-6-1536x1024.jpg 1536w, https:\/\/edubolivia.org\/wp-content\/uploads\/2024\/08\/2024-08-13-ReunionMinEduAED-6-2048x1365.jpg 2048w, https:\/\/edubolivia.org\/wp-content\/uploads\/2024\/08\/2024-08-13-ReunionMinEduAED-6-650x434.jpg 650w, https:\/\/edubolivia.org\/wp-content\/uploads\/2024\/08\/2024-08-13-ReunionMinEduAED-6-730x487.jpg 730w, https:\/\/edubolivia.org\/wp-content\/uploads\/2024\/08\/2024-08-13-ReunionMinEduAED-6-112x75.jpg 112w, https:\/\/edubolivia.org\/wp-content\/uploads\/2024\/08\/2024-08-13-ReunionMinEduAED-6-425x283.jpg 425w, https:\/\/edubolivia.org\/wp-content\/uploads\/2024\/08\/2024-08-13-ReunionMinEduAED-6-430x287.jpg 430w\" sizes=\"auto, (max-width: 1024px) 100vw, 1024px\" \/><\/a><\/figure>\n\n\n\n<figure class=\"wp-block-image size-large\"><a href=\"https:\/\/edubolivia.org\/wp-content\/uploads\/2024\/08\/2024-08-13-ReunionMinEduAED-5-scaled.jpg\" target=\"_blank\" rel=\"noopener\"><img loading=\"lazy\" decoding=\"async\" width=\"1024\" height=\"683\" data-id=\"427\" src=\"https:\/\/edubolivia.org\/wp-content\/uploads\/2024\/08\/2024-08-13-ReunionMinEduAED-5-1024x683.jpg\" alt=\"\" class=\"wp-image-427\" srcset=\"https:\/\/edubolivia.org\/wp-content\/uploads\/2024\/08\/2024-08-13-ReunionMinEduAED-5-1024x683.jpg 1024w, https:\/\/edubolivia.org\/wp-content\/uploads\/2024\/08\/2024-08-13-ReunionMinEduAED-5-300x200.jpg 300w, https:\/\/edubolivia.org\/wp-content\/uploads\/2024\/08\/2024-08-13-ReunionMinEduAED-5-768x512.jpg 768w, https:\/\/edubolivia.org\/wp-content\/uploads\/2024\/08\/2024-08-13-ReunionMinEduAED-5-1536x1024.jpg 1536w, https:\/\/edubolivia.org\/wp-content\/uploads\/2024\/08\/2024-08-13-ReunionMinEduAED-5-2048x1365.jpg 2048w, https:\/\/edubolivia.org\/wp-content\/uploads\/2024\/08\/2024-08-13-ReunionMinEduAED-5-650x434.jpg 650w, https:\/\/edubolivia.org\/wp-content\/uploads\/2024\/08\/2024-08-13-ReunionMinEduAED-5-730x487.jpg 730w, https:\/\/edubolivia.org\/wp-content\/uploads\/2024\/08\/2024-08-13-ReunionMinEduAED-5-112x75.jpg 112w, https:\/\/edubolivia.org\/wp-content\/uploads\/2024\/08\/2024-08-13-ReunionMinEduAED-5-425x283.jpg 425w, https:\/\/edubolivia.org\/wp-content\/uploads\/2024\/08\/2024-08-13-ReunionMinEduAED-5-430x287.jpg 430w\" sizes=\"auto, (max-width: 1024px) 100vw, 1024px\" \/><\/a><\/figure>\n\n\n\n<figure class=\"wp-block-image size-large\"><a href=\"https:\/\/edubolivia.org\/wp-content\/uploads\/2024\/08\/2024-08-13-ReunionMinEduAED-4-scaled.jpg\" target=\"_blank\" rel=\"noopener\"><img loading=\"lazy\" decoding=\"async\" width=\"1024\" height=\"683\" data-id=\"426\" src=\"https:\/\/edubolivia.org\/wp-content\/uploads\/2024\/08\/2024-08-13-ReunionMinEduAED-4-1024x683.jpg\" alt=\"\" class=\"wp-image-426\" srcset=\"https:\/\/edubolivia.org\/wp-content\/uploads\/2024\/08\/2024-08-13-ReunionMinEduAED-4-1024x683.jpg 1024w, https:\/\/edubolivia.org\/wp-content\/uploads\/2024\/08\/2024-08-13-ReunionMinEduAED-4-300x200.jpg 300w, https:\/\/edubolivia.org\/wp-content\/uploads\/2024\/08\/2024-08-13-ReunionMinEduAED-4-768x512.jpg 768w, https:\/\/edubolivia.org\/wp-content\/uploads\/2024\/08\/2024-08-13-ReunionMinEduAED-4-1536x1024.jpg 1536w, https:\/\/edubolivia.org\/wp-content\/uploads\/2024\/08\/2024-08-13-ReunionMinEduAED-4-2048x1365.jpg 2048w, https:\/\/edubolivia.org\/wp-content\/uploads\/2024\/08\/2024-08-13-ReunionMinEduAED-4-650x434.jpg 650w, https:\/\/edubolivia.org\/wp-content\/uploads\/2024\/08\/2024-08-13-ReunionMinEduAED-4-730x487.jpg 730w, https:\/\/edubolivia.org\/wp-content\/uploads\/2024\/08\/2024-08-13-ReunionMinEduAED-4-112x75.jpg 112w, https:\/\/edubolivia.org\/wp-content\/uploads\/2024\/08\/2024-08-13-ReunionMinEduAED-4-425x283.jpg 425w, https:\/\/edubolivia.org\/wp-content\/uploads\/2024\/08\/2024-08-13-ReunionMinEduAED-4-430x287.jpg 430w\" sizes=\"auto, (max-width: 1024px) 100vw, 1024px\" \/><\/a><\/figure>\n<\/figure>\n","protected":false},"excerpt":{"rendered":"<p class=\"text-justify mb-2\" >AED El \u00c1rea de Educaci\u00f3n, en la fecha del 13 de agosto, estuvo presente en una importante reuni\u00f3n de coordinaci\u00f3n interinstitucional que congreg\u00f3 a representantes del Ministerio de Educaci\u00f3n y la Conferencia Episcopal Boliviana. Este encuentro, cont\u00f3 con la participaci\u00f3n destacada de diversas autoridades. Por [&hellip;]<\/p>\n","protected":false},"author":1,"featured_media":423,"comment_status":"closed","ping_status":"open","sticky":false,"template":"","format":"standard","meta":{"footnotes":""},"categories":[1],"tags":[],"class_list":["post-422","post","type-post","status-publish","format-standard","has-post-thumbnail","hentry","category-area-de-educacion"],"_links":{"self":[{"href":"https:\/\/edubolivia.org\/index.php?rest_route=\/wp\/v2\/posts\/422","targetHints":{"allow":["GET"]}}],"collection":[{"href":"https:\/\/edubolivia.org\/index.php?rest_route=\/wp\/v2\/posts"}],"about":[{"href":"https:\/\/edubolivia.org\/index.php?rest_route=\/wp\/v2\/types\/post"}],"author":[{"embeddable":true,"href":"https:\/\/edubolivia.org\/index.php?rest_route=\/wp\/v2\/users\/1"}],"replies":[{"embeddable":true,"href":"https:\/\/edubolivia.org\/index.php?rest_route=%2Fwp%2Fv2%2Fcomments&post=422"}],"version-history":[{"count":3,"href":"https:\/\/edubolivia.org\/index.php?rest_route=\/wp\/v2\/posts\/422\/revisions"}],"predecessor-version":[{"id":444,"href":"https:\/\/edubolivia.org\/index.php?rest_route=\/wp\/v2\/posts\/422\/revisions\/444"}],"wp:featuredmedia":[{"embeddable":true,"href":"https:\/\/edubolivia.org\/index.php?rest_route=\/wp\/v2\/media\/423"}],"wp:attachment":[{"href":"https:\/\/edubolivia.org\/index.php?rest_route=%2Fwp%2Fv2%2Fmedia&parent=422"}],"wp:term":[{"taxonomy":"category","embeddable":true,"href":"https:\/\/edubolivia.org\/index.php?rest_route=%2Fwp%2Fv2%2Fcategories&post=422"},{"taxonomy":"post_tag","embeddable":true,"href":"https:\/\/edubolivia.org\/index.php?rest_route=%2Fwp%2Fv2%2Ftags&post=422"}],"curies":[{"name":"wp","href":"https:\/\/api.w.org\/{rel}","templated":true}]}}