{"id":408,"date":"2024-04-22T18:24:49","date_gmt":"2024-04-22T18:24:49","guid":{"rendered":"https:\/\/edubolivia.org\/?p=408"},"modified":"2024-04-22T18:24:50","modified_gmt":"2024-04-22T18:24:50","slug":"se-aproxima-el-vii-encuentro-nacional-de-estudiantes-catolicos-de-bolivia","status":"publish","type":"post","link":"https:\/\/edubolivia.org\/?p=408","title":{"rendered":"Se aproxima el VII Encuentro Nacional de Estudiantes Cat\u00f3licos de Bolivia"},"content":{"rendered":"\n<p><strong>Prensa CEB 22.04.24.-&nbsp;<\/strong>El \u00c1rea de Educaci\u00f3n de la Conferencia Episcopal Boliviana y la Di\u00f3cesis de Potos\u00ed, junto a su Delegaci\u00f3n Jurisdiccional de Educaci\u00f3n y las Obras Educativas, se dispone a celebrar el VII Encuentro Nacional de Estudiantes Cat\u00f3licos, bajo el lema: \u201cLO MIR\u00d3 CON AMOR\u201d (Mc. 10, 21).<\/p>\n\n\n\n<p>Con el objetivo de \u201cpromover el encuentro gozoso de los j\u00f3venes con Cristo Resucitado a partir del conocimiento, vivencia y celebraci\u00f3n de los misterios de nuestra Fe y la sana convivencia fraterna que permita revitalizar el seguimiento de Jes\u00fas\u201d, como se\u00f1ala la convocatoria, se llevar\u00e1 adelante este s\u00e9ptimo encuentro.<\/p>\n\n\n\n<p>El inicio se tiene previsto para el d\u00eda 26 de abril en el Coliseo 10 de noviembre de la ciudad de Potos\u00ed, con un acto inaugural a las 10:00 de la ma\u00f1ana. El encuentro se prolongar\u00e1 hasta el domingo 28 de abril, concluyendo con una Eucarist\u00eda de env\u00edo en la Catedral \u201cSantiago Ap\u00f3stol\u201d, a horas 13:00.<\/p>\n\n\n\n<p>Se espera la participaci\u00f3n de m\u00e1s de 300 j\u00f3venes de 17 jurisdicciones eclesiales de Bolivia, entre estudiantes y maestros. El Obispo presidente del \u00c1rea de Educaci\u00f3n de la Conferencia Episcopal Boliviana, Mons. Fernando Bascop\u00e9, considera que \u201cla formaci\u00f3n permanente para toda persona es una necesidad, pero m\u00e1s a\u00fan para los j\u00f3venes de las unidades educativas de convenio y colegios Cat\u00f3licos privados, a quienes, en el presente, les toca observar una sociedad profundamente herida por la violencia en todas sus dimensiones\u201d.<\/p>\n\n\n\n<p>El encuentro ser\u00e1 un momento para compartir experiencias y la celebraci\u00f3n de la fe, en una sana convivencia fraterna que permita revitalizar el seguimiento a Jes\u00fas.&nbsp;<\/p>\n\n\n\n<p>Te invitamos a seguir el evento en la p\u00e1gina de Facebook:\u00a0<a href=\"https:\/\/www.facebook.com\/cebareadeeducacion\/%C2%A0%C2%A0\">https:\/\/www.facebook.com\/cebareadeeducacion\/\u00a0\u00a0<\/a><\/p>\n\n\n\n<figure class=\"wp-block-image size-full\"><img loading=\"lazy\" decoding=\"async\" width=\"666\" height=\"1024\" src=\"https:\/\/edubolivia.org\/wp-content\/uploads\/2024\/04\/Encuentro-438097281_401749682651978_1182283987418166739_n-666x1024-1.jpg\" alt=\"\" class=\"wp-image-409\" srcset=\"https:\/\/edubolivia.org\/wp-content\/uploads\/2024\/04\/Encuentro-438097281_401749682651978_1182283987418166739_n-666x1024-1.jpg 666w, https:\/\/edubolivia.org\/wp-content\/uploads\/2024\/04\/Encuentro-438097281_401749682651978_1182283987418166739_n-666x1024-1-195x300.jpg 195w\" sizes=\"auto, (max-width: 666px) 100vw, 666px\" \/><\/figure>\n","protected":false},"excerpt":{"rendered":"<p class=\"text-justify mb-2\" >Prensa CEB 22.04.24.-&nbsp;El \u00c1rea de Educaci\u00f3n de la Conferencia Episcopal Boliviana y la Di\u00f3cesis de Potos\u00ed, junto a su Delegaci\u00f3n Jurisdiccional de Educaci\u00f3n y las Obras Educativas, se dispone a celebrar el VII Encuentro Nacional de Estudiantes Cat\u00f3licos, bajo el lema: \u201cLO MIR\u00d3 CON AMOR\u201d [&hellip;]<\/p>\n","protected":false},"author":1,"featured_media":410,"comment_status":"closed","ping_status":"open","sticky":false,"template":"","format":"standard","meta":{"footnotes":""},"categories":[1],"tags":[],"class_list":["post-408","post","type-post","status-publish","format-standard","has-post-thumbnail","hentry","category-area-de-educacion"],"_links":{"self":[{"href":"https:\/\/edubolivia.org\/index.php?rest_route=\/wp\/v2\/posts\/408","targetHints":{"allow":["GET"]}}],"collection":[{"href":"https:\/\/edubolivia.org\/index.php?rest_route=\/wp\/v2\/posts"}],"about":[{"href":"https:\/\/edubolivia.org\/index.php?rest_route=\/wp\/v2\/types\/post"}],"author":[{"embeddable":true,"href":"https:\/\/edubolivia.org\/index.php?rest_route=\/wp\/v2\/users\/1"}],"replies":[{"embeddable":true,"href":"https:\/\/edubolivia.org\/index.php?rest_route=%2Fwp%2Fv2%2Fcomments&post=408"}],"version-history":[{"count":1,"href":"https:\/\/edubolivia.org\/index.php?rest_route=\/wp\/v2\/posts\/408\/revisions"}],"predecessor-version":[{"id":411,"href":"https:\/\/edubolivia.org\/index.php?rest_route=\/wp\/v2\/posts\/408\/revisions\/411"}],"wp:featuredmedia":[{"embeddable":true,"href":"https:\/\/edubolivia.org\/index.php?rest_route=\/wp\/v2\/media\/410"}],"wp:attachment":[{"href":"https:\/\/edubolivia.org\/index.php?rest_route=%2Fwp%2Fv2%2Fmedia&parent=408"}],"wp:term":[{"taxonomy":"category","embeddable":true,"href":"https:\/\/edubolivia.org\/index.php?rest_route=%2Fwp%2Fv2%2Fcategories&post=408"},{"taxonomy":"post_tag","embeddable":true,"href":"https:\/\/edubolivia.org\/index.php?rest_route=%2Fwp%2Fv2%2Ftags&post=408"}],"curies":[{"name":"wp","href":"https:\/\/api.w.org\/{rel}","templated":true}]}}