{"id":245,"date":"2023-09-03T01:33:00","date_gmt":"2023-09-03T01:33:00","guid":{"rendered":"https:\/\/edubolivia.org\/?p=245"},"modified":"2023-10-03T01:38:03","modified_gmt":"2023-10-03T01:38:03","slug":"anuncio-del-vi-congreso-educativo-de-la-iglesia-catolica-en-bolivia","status":"publish","type":"post","link":"https:\/\/edubolivia.org\/?p=245","title":{"rendered":"Anuncio del VI Congreso Educativo de la Iglesia Cat\u00f3lica en Bolivia"},"content":{"rendered":"\n<iframe loading=\"lazy\" src=\"https:\/\/www.facebook.com\/plugins\/video.php?height=314&#038;href=https%3A%2F%2Fwww.facebook.com%2Fcebareadeeducacion%2Fvideos%2F997776144877881%2F&#038;show_text=true&#038;width=560&#038;t=0\" width=\"560\" height=\"429\" style=\"border:none;overflow:hidden\" scrolling=\"no\" frameborder=\"0\" allowfullscreen=\"true\" allow=\"autoplay; clipboard-write; encrypted-media; picture-in-picture; web-share\" allowFullScreen=\"true\"><\/iframe>\n\n\n\n<p><strong>Prensa CEB 05.09.2023.-&nbsp;<\/strong>Este 5 de septiembre el \u00c1rea de Educaci\u00f3n de la Conferencia Episcopal Boliviana (CEB), convoc\u00f3 a una conferencia de prensa en la ciudad de Sucre para anunciar el VI Congreso Educativo de la Iglesia Cat\u00f3lica Boliviana. El evento se llevar\u00e1 a cabo los d\u00edas 7,8 y 9 de septiembre en la Arquidi\u00f3cesis de Sucre.<\/p>\n\n\n\n<p>\u00abNormalmente realizamos este congreso cada 5 a\u00f1os, y ustedes saben que el trabajo y el aporte de la Iglesia Cat\u00f3lica en Bolivia a la educaci\u00f3n tienen m\u00e1s de 100 a\u00f1os\u00bb, destac\u00f3 Mons. Ricardo Centellas, arzobispo de la Arquidi\u00f3cesis de Sucre y Vicepresidente de la CEB: \u00abEn este tipo de congresos, intentamos hacer una evaluaci\u00f3n de la realidad actual de la educaci\u00f3n para formular propuestas con la intenci\u00f3n de mejorar todo el proceso y el sistema educativo\u201d, sostuvo.<\/p>\n\n\n\n<p>Jorge Fern\u00e1ndez, el Secretario Ejecutivo del \u00c1rea de Educaci\u00f3n de la CEB, detall\u00f3 los eventos planeados durante los tres d\u00edas del congreso. El primer d\u00eda estar\u00e1 dedicado a la escucha, donde ponentes internacionales y nacionales, incluyendo a la Dra. M\u00f3nica Olmos para un an\u00e1lisis y reflexiones sobre la situaci\u00f3n actual de la educaci\u00f3n en Bolivia, y monse\u00f1or Mons. Giovanni Cesare Pagazzi, Secretario del Dicasterio Secci\u00f3n Educaci\u00f3n, compartir\u00e1n sus conocimiento en cuanto a los desaf\u00edos del educador cat\u00f3lico.<\/p>\n\n\n\n<p>\u00abEl segundo d\u00eda ser\u00e1 de reflexi\u00f3n, donde los 318 participantes del congreso se dividir\u00e1n en grupos para trabajar en temas espec\u00edficos\u00bb, explic\u00f3 Fern\u00e1ndez, \u00abtendremos conferencias adicionales, como la del Padre Javier Ravasi Olivera de Argentina, que abordar\u00e1 los desaf\u00edos de la educaci\u00f3n cat\u00f3lica en un mundo marcado por las ideolog\u00edas emergentes\u00bb.<\/p>\n\n\n\n<p>Entre los ponentes se encuentra tambi\u00e9n la Dra. Alejandra Mart\u00ednez de la Universidad Cat\u00f3lica Boliviana, quien presentar\u00e1 la propuesta curricular desarrollada por la Iglesia Boliviana desde una perspectiva cat\u00f3lica, en consonancia con la normativa nacional. Adem\u00e1s, el Dr. \u00d3scar P\u00e9rez, llegado desde Bogot\u00e1, abordar\u00e1 el Pacto Educativo Global propuesto por el Papa Francisco en 2020, analizando su impacto en la educaci\u00f3n cat\u00f3lica global y los pasos dados en Bolivia.<\/p>\n\n\n\n<p>El tercer y \u00faltimo d\u00eda del congreso ser\u00e1 dedicado a presentar las conclusiones y propuestas elaboradas a lo largo del evento. Este Sexto Congreso Educativo de la Iglesia Cat\u00f3lica Boliviana promete ser un espacio de reflexi\u00f3n y colaboraci\u00f3n en busca de mejorar la educaci\u00f3n en el pa\u00eds y fortalecer la identidad de la educaci\u00f3n cat\u00f3lica en un mundo en constante cambio.<\/p>\n","protected":false},"excerpt":{"rendered":"<p class=\"text-justify mb-2\" >Prensa CEB 05.09.2023.-&nbsp;Este 5 de septiembre el \u00c1rea de Educaci\u00f3n de la Conferencia Episcopal Boliviana (CEB), convoc\u00f3 a una conferencia de prensa en la ciudad de Sucre para anunciar el VI Congreso Educativo de la Iglesia Cat\u00f3lica Boliviana. El evento se llevar\u00e1 a cabo los [&hellip;]<\/p>\n","protected":false},"author":1,"featured_media":249,"comment_status":"closed","ping_status":"open","sticky":false,"template":"","format":"standard","meta":{"footnotes":""},"categories":[1],"tags":[],"class_list":["post-245","post","type-post","status-publish","format-standard","has-post-thumbnail","hentry","category-area-de-educacion"],"_links":{"self":[{"href":"https:\/\/edubolivia.org\/index.php?rest_route=\/wp\/v2\/posts\/245","targetHints":{"allow":["GET"]}}],"collection":[{"href":"https:\/\/edubolivia.org\/index.php?rest_route=\/wp\/v2\/posts"}],"about":[{"href":"https:\/\/edubolivia.org\/index.php?rest_route=\/wp\/v2\/types\/post"}],"author":[{"embeddable":true,"href":"https:\/\/edubolivia.org\/index.php?rest_route=\/wp\/v2\/users\/1"}],"replies":[{"embeddable":true,"href":"https:\/\/edubolivia.org\/index.php?rest_route=%2Fwp%2Fv2%2Fcomments&post=245"}],"version-history":[{"count":4,"href":"https:\/\/edubolivia.org\/index.php?rest_route=\/wp\/v2\/posts\/245\/revisions"}],"predecessor-version":[{"id":250,"href":"https:\/\/edubolivia.org\/index.php?rest_route=\/wp\/v2\/posts\/245\/revisions\/250"}],"wp:featuredmedia":[{"embeddable":true,"href":"https:\/\/edubolivia.org\/index.php?rest_route=\/wp\/v2\/media\/249"}],"wp:attachment":[{"href":"https:\/\/edubolivia.org\/index.php?rest_route=%2Fwp%2Fv2%2Fmedia&parent=245"}],"wp:term":[{"taxonomy":"category","embeddable":true,"href":"https:\/\/edubolivia.org\/index.php?rest_route=%2Fwp%2Fv2%2Fcategories&post=245"},{"taxonomy":"post_tag","embeddable":true,"href":"https:\/\/edubolivia.org\/index.php?rest_route=%2Fwp%2Fv2%2Ftags&post=245"}],"curies":[{"name":"wp","href":"https:\/\/api.w.org\/{rel}","templated":true}]}}