{"id":195,"date":"2023-01-19T03:01:00","date_gmt":"2023-01-19T03:01:00","guid":{"rendered":"https:\/\/edubolivia.org\/?p=195"},"modified":"2023-03-17T03:04:29","modified_gmt":"2023-03-17T03:04:29","slug":"iglesia-reitera-posicion-sobre-el-nuevo-curriculo-que-presento-el-ministerio-de-educacion","status":"publish","type":"post","link":"https:\/\/edubolivia.org\/?p=195","title":{"rendered":"<strong>Iglesia reitera posici\u00f3n sobre\u00a0el nuevo curr\u00edculo que present\u00f3 el Ministerio de Educaci\u00f3n<\/strong>"},"content":{"rendered":"\n<p><strong>Prensa CEB 19.01.2023.-\u00a0<\/strong>Jorge Fern\u00e1ndez, secretario ejecutivo del \u00c1rea de Educaci\u00f3n de la Conferencia Episcopal Boliviana, en una entrevista en Radio Fides, reiter\u00f3 observaciones al nuevo curr\u00edculo que present\u00f3 el Ministerio de Educaci\u00f3n, \u201csobre todo existe una l\u00ednea de adoctrinamiento en temas de educaci\u00f3n sexual, pol\u00edtico y social\u201d, declar\u00f3.<\/p>\n\n\n\n<p>Afirm\u00f3, que se quiere limitar el conocimiento y \u201cse quiere ense\u00f1ar por medio de la curr\u00edcula que no coincide con la totalidad de la verdad\u201d, lamentando que el docente no tenga libertad a momento de complementar el contenido de la materia, porque se tiene un Plan Operativo Anual y un Plan de Desarrollo Curricular, normados y designados por el Ministerio.<\/p>\n\n\n\n<p>Como se manifest\u00f3 en el\u00a0comunicado de la Conferencia Episcopal Boliviana, Fern\u00e1ndez reiter\u00f3 la preocupaci\u00f3n por la inclusi\u00f3n de tem\u00e1ticas que se presentan en los contenidos de \u201cEducaci\u00f3n Sexual Integral\u201d desde Inicial hasta Secundaria, donde se promueve la ideolog\u00eda de g\u00e9nero.<\/p>\n\n\n\n<p>A su vez aclar\u00f3, que la Iglesia desde las orientaciones del papa Francisco, tiene una acci\u00f3n y una mirada de recepci\u00f3n en los colegios hacia las familias que tengan padres transgenero o gay: \u201cLa Iglesia recibe, acoge, (esta es la orientaci\u00f3n del Santo Padre, el papa Francisco) en este tema, en este sentido nosotros tenemos que buscar la verdad y el respeto de lo biol\u00f3gico, es decir, de hombre y mujer\u201d, se\u00f1al\u00f3.<\/p>\n\n\n\n<p>Acerca de la materia de religi\u00f3n, Fern\u00e1ndez, asegur\u00f3 que hay un respeto en la Iglesia Cat\u00f3lica y que no existe discriminaci\u00f3n.<\/p>\n\n\n\n<p>Para el Ministerio de Educaci\u00f3n, los contenidos que hacen parte de la reforma fueron consensuados, mientras que para los educadores fue definida unilateralmente.<\/p>\n","protected":false},"excerpt":{"rendered":"<p class=\"text-justify mb-2\" >Prensa CEB 19.01.2023.-\u00a0Jorge Fern\u00e1ndez, secretario ejecutivo del \u00c1rea de Educaci\u00f3n de la Conferencia Episcopal Boliviana, en una entrevista en Radio Fides, reiter\u00f3 observaciones al nuevo curr\u00edculo que present\u00f3 el Ministerio de Educaci\u00f3n, \u201csobre todo existe una l\u00ednea de adoctrinamiento en temas de educaci\u00f3n sexual, pol\u00edtico [&hellip;]<\/p>\n","protected":false},"author":1,"featured_media":196,"comment_status":"closed","ping_status":"open","sticky":false,"template":"","format":"standard","meta":{"footnotes":""},"categories":[1],"tags":[7,9],"class_list":["post-195","post","type-post","status-publish","format-standard","has-post-thumbnail","hentry","category-area-de-educacion","tag-educacion","tag-unidad-educativa"],"_links":{"self":[{"href":"https:\/\/edubolivia.org\/index.php?rest_route=\/wp\/v2\/posts\/195","targetHints":{"allow":["GET"]}}],"collection":[{"href":"https:\/\/edubolivia.org\/index.php?rest_route=\/wp\/v2\/posts"}],"about":[{"href":"https:\/\/edubolivia.org\/index.php?rest_route=\/wp\/v2\/types\/post"}],"author":[{"embeddable":true,"href":"https:\/\/edubolivia.org\/index.php?rest_route=\/wp\/v2\/users\/1"}],"replies":[{"embeddable":true,"href":"https:\/\/edubolivia.org\/index.php?rest_route=%2Fwp%2Fv2%2Fcomments&post=195"}],"version-history":[{"count":1,"href":"https:\/\/edubolivia.org\/index.php?rest_route=\/wp\/v2\/posts\/195\/revisions"}],"predecessor-version":[{"id":197,"href":"https:\/\/edubolivia.org\/index.php?rest_route=\/wp\/v2\/posts\/195\/revisions\/197"}],"wp:featuredmedia":[{"embeddable":true,"href":"https:\/\/edubolivia.org\/index.php?rest_route=\/wp\/v2\/media\/196"}],"wp:attachment":[{"href":"https:\/\/edubolivia.org\/index.php?rest_route=%2Fwp%2Fv2%2Fmedia&parent=195"}],"wp:term":[{"taxonomy":"category","embeddable":true,"href":"https:\/\/edubolivia.org\/index.php?rest_route=%2Fwp%2Fv2%2Fcategories&post=195"},{"taxonomy":"post_tag","embeddable":true,"href":"https:\/\/edubolivia.org\/index.php?rest_route=%2Fwp%2Fv2%2Ftags&post=195"}],"curies":[{"name":"wp","href":"https:\/\/api.w.org\/{rel}","templated":true}]}}