{"id":191,"date":"2023-01-20T02:59:00","date_gmt":"2023-01-20T02:59:00","guid":{"rendered":"https:\/\/edubolivia.org\/?p=191"},"modified":"2023-03-17T03:00:42","modified_gmt":"2023-03-17T03:00:42","slug":"mons-bascope-explica-la-sinodalidad-en-la-educacion-en-el-programa-iglesia-viva-en-dialogo","status":"publish","type":"post","link":"https:\/\/edubolivia.org\/?p=191","title":{"rendered":"<strong>Mons. Bascop\u00e9 explica la Sinodalidad en la educaci\u00f3n en el programa Iglesia Viva en Di\u00e1logo<\/strong>"},"content":{"rendered":"\n<p>Prensa CEB 20.01.2023.- Monse\u00f1or Fernando Bascop\u00e9, obispo auxiliar de la Di\u00f3cesis de San Ignacio de Velasco y obispo presidente del \u00c1rea de Educaci\u00f3n de la Conferencia Episcopal Boliviana, habla en el programa \u201cIglesia Viva en Di\u00e1logo\u201d de la Sinodalidad en la Educaci\u00f3n, el aporte de los dos documentos que gira en torno a lo educativo y en base a estos textos preguntarse, \u00bfC\u00f3mo se est\u00e1 en este tema?<\/p>\n\n\n\n<p>A decir de monse\u00f1or Bascop\u00e9 se cuenta con dos documentos para desarrollar esta tem\u00e1tica, el primero el elaborado por el CELAM en el a\u00f1o 2021 que recogi\u00f3 todos los aportes del proceso Sinodal en Am\u00e9rica Latina. Y el segundo es el emitido por la Santa Sede en el a\u00f1o 2022.<\/p>\n\n\n\n<p>\u201cEl primer documento elaborado en Am\u00e9rica Latina y para el CELAM, es un texto que aporta de sobremanera al tema educativo, lo subrayo porque, los obispos, los laicos, los religiosos, y todas las personas que participaron en este primer proceso, han tenido como tel\u00f3n de fondo, el documento de Aparecida, donde pone un signo de interrogaci\u00f3n e indica, que se est\u00e1 en crisis en la transmisi\u00f3n de la cultura, de la fe y de las costumbres\u201d, afirma.<\/p>\n\n\n\n<p>Por lo que este signo de interrogaci\u00f3n se considera importante para el tema educativo, ya que fue un insumo para preguntarse, \u00bfC\u00f3mo est\u00e1 la educaci\u00f3n? es decir, si los j\u00f3venes, ni\u00f1os, aceptan esta relaci\u00f3n educativa.<\/p>\n\n\n\n<p>\u00a0En el programa Iglesia Viva en Di\u00e1logo, les presentamos la entrevista completa a trav\u00e9s del siguiente enlace:\u00a0<a href=\"https:\/\/www.youtube.com\/watch?v=qMvzuMV4J1s\">https:\/\/www.youtube.com\/watch?v=qMvzuMV4J1s<\/a><\/p>\n\n\n\n<figure class=\"wp-block-embed is-type-rich is-provider-gestor-del-servicio wp-block-embed-gestor-del-servicio wp-embed-aspect-16-9 wp-has-aspect-ratio\"><div class=\"wp-block-embed__wrapper\">\n<iframe loading=\"lazy\" title=\"La Sinodalidad en la Educaci\u00f3n\" width=\"500\" height=\"281\" src=\"https:\/\/www.youtube.com\/embed\/qMvzuMV4J1s?feature=oembed\" frameborder=\"0\" allow=\"accelerometer; autoplay; clipboard-write; encrypted-media; gyroscope; picture-in-picture; web-share\" referrerpolicy=\"strict-origin-when-cross-origin\" allowfullscreen><\/iframe>\n<\/div><\/figure>\n","protected":false},"excerpt":{"rendered":"<p class=\"text-justify mb-2\" >Prensa CEB 20.01.2023.- Monse\u00f1or Fernando Bascop\u00e9, obispo auxiliar de la Di\u00f3cesis de San Ignacio de Velasco y obispo presidente del \u00c1rea de Educaci\u00f3n de la Conferencia Episcopal Boliviana, habla en el programa \u201cIglesia Viva en Di\u00e1logo\u201d de la Sinodalidad en la Educaci\u00f3n, el aporte de [&hellip;]<\/p>\n","protected":false},"author":1,"featured_media":193,"comment_status":"closed","ping_status":"open","sticky":false,"template":"","format":"standard","meta":{"footnotes":""},"categories":[1,17],"tags":[7],"class_list":["post-191","post","type-post","status-publish","format-standard","has-post-thumbnail","hentry","category-area-de-educacion","category-ceb","tag-educacion"],"_links":{"self":[{"href":"https:\/\/edubolivia.org\/index.php?rest_route=\/wp\/v2\/posts\/191","targetHints":{"allow":["GET"]}}],"collection":[{"href":"https:\/\/edubolivia.org\/index.php?rest_route=\/wp\/v2\/posts"}],"about":[{"href":"https:\/\/edubolivia.org\/index.php?rest_route=\/wp\/v2\/types\/post"}],"author":[{"embeddable":true,"href":"https:\/\/edubolivia.org\/index.php?rest_route=\/wp\/v2\/users\/1"}],"replies":[{"embeddable":true,"href":"https:\/\/edubolivia.org\/index.php?rest_route=%2Fwp%2Fv2%2Fcomments&post=191"}],"version-history":[{"count":1,"href":"https:\/\/edubolivia.org\/index.php?rest_route=\/wp\/v2\/posts\/191\/revisions"}],"predecessor-version":[{"id":194,"href":"https:\/\/edubolivia.org\/index.php?rest_route=\/wp\/v2\/posts\/191\/revisions\/194"}],"wp:featuredmedia":[{"embeddable":true,"href":"https:\/\/edubolivia.org\/index.php?rest_route=\/wp\/v2\/media\/193"}],"wp:attachment":[{"href":"https:\/\/edubolivia.org\/index.php?rest_route=%2Fwp%2Fv2%2Fmedia&parent=191"}],"wp:term":[{"taxonomy":"category","embeddable":true,"href":"https:\/\/edubolivia.org\/index.php?rest_route=%2Fwp%2Fv2%2Fcategories&post=191"},{"taxonomy":"post_tag","embeddable":true,"href":"https:\/\/edubolivia.org\/index.php?rest_route=%2Fwp%2Fv2%2Ftags&post=191"}],"curies":[{"name":"wp","href":"https:\/\/api.w.org\/{rel}","templated":true}]}}