{"id":1142,"date":"2026-08-24T16:27:06","date_gmt":"2026-08-24T16:27:06","guid":{"rendered":"https:\/\/edubolivia.org\/?p=1142"},"modified":"2026-09-01T16:28:30","modified_gmt":"2026-09-01T16:28:30","slug":"el-area-de-educacion-de-la-ceb-fortalece-la-identidad-catolica-y-el-acompanamiento-escolar-en-jornadas-desarrolladas-en-coroico-y-tupiza","status":"publish","type":"post","link":"https:\/\/edubolivia.org\/?p=1142","title":{"rendered":"El \u00c1rea de Educaci\u00f3n de la CEB fortalece la identidad cat\u00f3lica y el acompa\u00f1amiento escolar en jornadas desarrolladas en Coroico y Tupiza"},"content":{"rendered":"\n<p class=\"wp-block-paragraph\"><strong>Prensa CEB 24.08.2026.&nbsp;<\/strong>Con el objetivo de renovar el compromiso pedag\u00f3gico y brindar herramientas para una formaci\u00f3n integral con valores, el \u00c1rea de Educaci\u00f3n de la Conferencia Episcopal Boliviana (CEB) llev\u00f3 a cabo jornadas de capacitaci\u00f3n e itinerarios formativos en las localidades de Coroico y Tupiza. Jorge Fern\u00e1ndez, ejecutivo del \u00c1rea de Educaci\u00f3n de la CEB, brind\u00f3 detalles sobre el despliegue de ambas actividades que reunieron a docentes, padres de familia y estudiantes.<\/p>\n\n\n\n<h5 class=\"wp-block-heading\"><strong>Formaci\u00f3n e identidad docente en Coroico<\/strong><\/h5>\n\n\n\n<figure class=\"wp-block-image is-resized\"><img decoding=\"async\" src=\"https:\/\/ceb.bo\/wp-content\/uploads\/2026\/08\/766890194_1031129403060980_3599845642409023141_n-1024x726.jpg\" alt=\"\" class=\"wp-image-62890\" style=\"aspect-ratio:1.4104683195592287;width:1024px;height:auto\"\/><\/figure>\n\n\n\n<figure class=\"wp-block-image size-full\"><img loading=\"lazy\" decoding=\"async\" width=\"1024\" height=\"726\" src=\"https:\/\/edubolivia.org\/wp-content\/uploads\/2026\/09\/image-7.png\" alt=\"\" class=\"wp-image-1143\" srcset=\"https:\/\/edubolivia.org\/wp-content\/uploads\/2026\/09\/image-7.png 1024w, https:\/\/edubolivia.org\/wp-content\/uploads\/2026\/09\/image-7-300x213.png 300w, https:\/\/edubolivia.org\/wp-content\/uploads\/2026\/09\/image-7-612x434.png 612w, https:\/\/edubolivia.org\/wp-content\/uploads\/2026\/09\/image-7-105x74.png 105w, https:\/\/edubolivia.org\/wp-content\/uploads\/2026\/09\/image-7-564x400.png 564w, https:\/\/edubolivia.org\/wp-content\/uploads\/2026\/09\/image-7-767x544.png 767w, https:\/\/edubolivia.org\/wp-content\/uploads\/2026\/09\/image-7-686x486.png 686w, https:\/\/edubolivia.org\/wp-content\/uploads\/2026\/09\/image-7-669x474.png 669w, https:\/\/edubolivia.org\/wp-content\/uploads\/2026\/09\/image-7-399x283.png 399w, https:\/\/edubolivia.org\/wp-content\/uploads\/2026\/09\/image-7-404x286.png 404w\" sizes=\"auto, (max-width: 1024px) 100vw, 1024px\" \/><\/figure>\n\n\n\n<p class=\"wp-block-paragraph\">En Coroico, la actividad se concret\u00f3 tras la invitaci\u00f3n del delegado diocesano, P. Freddy del Villar. El taller se centr\u00f3 en la unidad educativa Guerrilleros Lanza, abordando como eje principal \u00abLa identidad y misi\u00f3n del educador cat\u00f3lico\u00bb.<\/p>\n\n\n\n<p class=\"wp-block-paragraph\">Fern\u00e1ndez detall\u00f3 que se trabaj\u00f3 a partir de cuatro actitudes impulsadas por el Papa en el Pacto Educativo Global: la cercan\u00eda, la mentor\u00eda, la capacidad de innovar y la apertura al cambio. Asimismo, la jornada sirvi\u00f3 para transparentar el marco normativo de la educaci\u00f3n de convenio mediante la revisi\u00f3n de los primeros seis puntos del convenio vigente entre el Ministerio de Educaci\u00f3n y la CEB.<\/p>\n\n\n\n<p class=\"wp-block-paragraph\">Durante la exposici\u00f3n, se ratific\u00f3 el reconocimiento del Estado a la labor de la Iglesia en la ense\u00f1anza en valores y la formaci\u00f3n espiritual \u2014a trav\u00e9s de retiros, vivencias y convivencias\u2014, aclarando que, aun dentro del marco de un Estado laico, la educaci\u00f3n de convenio mantiene este sello caracter\u00edstico en beneficio del desarrollo humano.<\/p>\n\n\n\n<h5 class=\"wp-block-heading\"><strong>Abordaje integral a la comunidad educativa en Tupiza<\/strong><\/h5>\n\n\n\n<figure class=\"wp-block-image is-resized\"><img decoding=\"async\" src=\"https:\/\/ceb.bo\/wp-content\/uploads\/2026\/08\/779768175_1040581908782396_2121343665352888349_n-1024x726.jpg\" alt=\"\" class=\"wp-image-62891\" style=\"aspect-ratio:1.4104683195592287;width:1024px;height:auto\"\/><\/figure>\n\n\n\n<figure class=\"wp-block-image size-full\"><img loading=\"lazy\" decoding=\"async\" width=\"1024\" height=\"726\" src=\"https:\/\/edubolivia.org\/wp-content\/uploads\/2026\/09\/image-8.png\" alt=\"\" class=\"wp-image-1144\" srcset=\"https:\/\/edubolivia.org\/wp-content\/uploads\/2026\/09\/image-8.png 1024w, https:\/\/edubolivia.org\/wp-content\/uploads\/2026\/09\/image-8-300x213.png 300w, https:\/\/edubolivia.org\/wp-content\/uploads\/2026\/09\/image-8-612x434.png 612w, https:\/\/edubolivia.org\/wp-content\/uploads\/2026\/09\/image-8-105x74.png 105w, https:\/\/edubolivia.org\/wp-content\/uploads\/2026\/09\/image-8-564x400.png 564w, https:\/\/edubolivia.org\/wp-content\/uploads\/2026\/09\/image-8-669x474.png 669w, https:\/\/edubolivia.org\/wp-content\/uploads\/2026\/09\/image-8-686x486.png 686w, https:\/\/edubolivia.org\/wp-content\/uploads\/2026\/09\/image-8-767x544.png 767w, https:\/\/edubolivia.org\/wp-content\/uploads\/2026\/09\/image-8-399x283.png 399w, https:\/\/edubolivia.org\/wp-content\/uploads\/2026\/09\/image-8-404x286.png 404w\" sizes=\"auto, (max-width: 1024px) 100vw, 1024px\" \/><\/figure>\n\n\n\n<p class=\"wp-block-paragraph\">Por su parte, el encuentro en Tupiza respondi\u00f3 a la solicitud de la hermana Eliana Flores, directora general del colegio Santa Ana. La capacitaci\u00f3n se extendi\u00f3 a lo largo del viernes 21 de agosto, abarcando de manera diferenciada a los tres estamentos de la comunidad escolar:<\/p>\n\n\n\n<ul class=\"wp-block-list\">\n<li><strong>Estudiantes (Prepromoci\u00f3n):<\/strong>\u00a0Durante la ma\u00f1ana, los j\u00f3venes participaron en din\u00e1micas orientadas a la prevenci\u00f3n de la violencia escolar. Se trabaj\u00f3 en la toma de conciencia sobre el cuidado mutuo, la responsabilidad comunitaria y la consolidaci\u00f3n del grupo como un cuerpo org\u00e1nico con miras a su pr\u00f3ximo a\u00f1o de promoci\u00f3n.<\/li>\n\n\n\n<li><strong>Docentes (Primaria y Secundaria):<\/strong>\u00a0En la tarde, cerca de 70 maestros profundizaron en el desarrollo pedag\u00f3gico de Adaptaciones Curriculares para la inclusi\u00f3n de estudiantes con discapacidad dentro de la Planificaci\u00f3n de Desarrollo de Clases. Adicionalmente se complement\u00f3 el espacio abordando la identidad del educador cat\u00f3lico y el alcance de los convenios educativos.<\/li>\n\n\n\n<li><strong>Padres de Familia:<\/strong>\u00a0Por la noche, con la presencia de aproximadamente 100 representantes de curso, se abordaron los desaf\u00edos del acompa\u00f1amiento familiar en las distintas etapas escolares. Durante el taller se reflexion\u00f3 sobre el concepto actual de\u00a0<em>\u00abpadres de algod\u00f3n e hijos de cristal\u00bb<\/em>, motivando un an\u00e1lisis sobre el rol educativo compartido entre la escuela y la familia.<\/li>\n<\/ul>\n\n\n\n<p class=\"wp-block-paragraph\">Con estas acciones, la Conferencia Episcopal Boliviana a tr\u00e1ves del \u00c1rea de educuaci\u00f3on contin\u00faa bridando su servicio con espacios de formaci\u00f3n en distintas comunidades educativas del pa\u00eds para consolidar entornos seguros, inclusivos y guiados por valores.<\/p>\n","protected":false},"excerpt":{"rendered":"<p class=\"text-justify mb-2\" >Prensa CEB 24.08.2026.&nbsp;Con el objetivo de renovar el compromiso pedag\u00f3gico y brindar herramientas para una formaci\u00f3n integral con valores, el \u00c1rea de Educaci\u00f3n de la Conferencia Episcopal Boliviana (CEB) llev\u00f3 a cabo jornadas de capacitaci\u00f3n e itinerarios formativos en las localidades de Coroico y Tupiza. [&hellip;]<\/p>\n","protected":false},"author":1,"featured_media":1145,"comment_status":"closed","ping_status":"open","sticky":false,"template":"","format":"standard","meta":{"footnotes":""},"categories":[1],"tags":[],"class_list":["post-1142","post","type-post","status-publish","format-standard","has-post-thumbnail","hentry","category-area-de-educacion"],"_links":{"self":[{"href":"https:\/\/edubolivia.org\/index.php?rest_route=\/wp\/v2\/posts\/1142","targetHints":{"allow":["GET"]}}],"collection":[{"href":"https:\/\/edubolivia.org\/index.php?rest_route=\/wp\/v2\/posts"}],"about":[{"href":"https:\/\/edubolivia.org\/index.php?rest_route=\/wp\/v2\/types\/post"}],"author":[{"embeddable":true,"href":"https:\/\/edubolivia.org\/index.php?rest_route=\/wp\/v2\/users\/1"}],"replies":[{"embeddable":true,"href":"https:\/\/edubolivia.org\/index.php?rest_route=%2Fwp%2Fv2%2Fcomments&post=1142"}],"version-history":[{"count":1,"href":"https:\/\/edubolivia.org\/index.php?rest_route=\/wp\/v2\/posts\/1142\/revisions"}],"predecessor-version":[{"id":1146,"href":"https:\/\/edubolivia.org\/index.php?rest_route=\/wp\/v2\/posts\/1142\/revisions\/1146"}],"wp:featuredmedia":[{"embeddable":true,"href":"https:\/\/edubolivia.org\/index.php?rest_route=\/wp\/v2\/media\/1145"}],"wp:attachment":[{"href":"https:\/\/edubolivia.org\/index.php?rest_route=%2Fwp%2Fv2%2Fmedia&parent=1142"}],"wp:term":[{"taxonomy":"category","embeddable":true,"href":"https:\/\/edubolivia.org\/index.php?rest_route=%2Fwp%2Fv2%2Fcategories&post=1142"},{"taxonomy":"post_tag","embeddable":true,"href":"https:\/\/edubolivia.org\/index.php?rest_route=%2Fwp%2Fv2%2Ftags&post=1142"}],"curies":[{"name":"wp","href":"https:\/\/api.w.org\/{rel}","templated":true}]}}