{"id":1132,"date":"2026-08-27T16:18:00","date_gmt":"2026-08-27T16:18:00","guid":{"rendered":"https:\/\/edubolivia.org\/?p=1132"},"modified":"2026-09-01T16:25:12","modified_gmt":"2026-09-01T16:25:12","slug":"%f0%9d%90%94%f0%9d%90%a7%f0%9d%90%a2%f0%9d%90%9d%f0%9d%90%a8%f0%9d%90%ac-%f0%9d%90%a9%f0%9d%90%a8%f0%9d%90%ab-%f0%9d%90%ae%f0%9d%90%a7%f0%9d%90%9a-%f0%9d%90%9e%f0%9d%90%9d%f0%9d%90%ae","status":"publish","type":"post","link":"https:\/\/edubolivia.org\/?p=1132","title":{"rendered":"\u00a1\ud835\udc14\ud835\udc27\ud835\udc22\ud835\udc1d\ud835\udc28\ud835\udc2c \ud835\udc29\ud835\udc28\ud835\udc2b \ud835\udc2e\ud835\udc27\ud835\udc1a \ud835\udc1e\ud835\udc1d\ud835\udc2e\ud835\udc1c\ud835\udc1a\ud835\udc1c\ud835\udc22\u00f3\ud835\udc27 \ud835\udc1d\ud835\udc1e \ud835\udc1c\ud835\udc1a\ud835\udc25\ud835\udc22\ud835\udc1d\ud835\udc1a\ud835\udc1d \ud835\udc1c\ud835\udc28\ud835\udc27 \ud835\udc1f\ud835\udc1e \ud835\udc32 \ud835\udc1c\ud835\udc28\ud835\udc26\ud835\udc29\ud835\udc2b\ud835\udc28\ud835\udc26\ud835\udc22\ud835\udc2c\ud835\udc28!"},"content":{"rendered":"\n<p class=\"wp-block-paragraph\">El d\u00eda jueves 27 de agosto, el \u00c1rea de Educaci\u00f3n de la Conferencia Episcopal Boliviana junto al Observatorio Plurinacional de la Calidad Educativa (OPCE), llevamos a cabo una sumamente productiva reuni\u00f3n con representantes de las Obras Educativas de la Iglesia Cat\u00f3lica: Escuelas Populares Don Bosco &#8211; Bolivia (EPDB) , Fe y Alegr\u00eda Departamental La Paz, la Universidad Cat\u00f3lica Boliviana San Pablo y la Vicaria De Pastoral Educativa La Paz<\/p>\n\n\n\n<p class=\"wp-block-paragraph\">Durante el encuentro, compartimos una valiosa jornada de di\u00e1logo y aprendizaje mutuo para coordinar esfuerzos y compartir experiencias que fortalezcan la formaci\u00f3n integral, rumbo a procesos de evaluaci\u00f3n de la calidad educativa.<\/p>\n\n\n\n<p class=\"wp-block-paragraph\">Agradecemos la participaci\u00f3n y reafirmamos nuestro compromiso de seguir trabajando en alianza para impulsar una educaci\u00f3n incluyente, de excelencia y con valores.<\/p>\n\n\n\n<figure class=\"wp-block-image size-large\"><img loading=\"lazy\" decoding=\"async\" width=\"1024\" height=\"726\" src=\"https:\/\/edubolivia.org\/wp-content\/uploads\/2026\/09\/image-3-1024x726.png\" alt=\"\" class=\"wp-image-1137\" srcset=\"https:\/\/edubolivia.org\/wp-content\/uploads\/2026\/09\/image-3-1024x726.png 1024w, https:\/\/edubolivia.org\/wp-content\/uploads\/2026\/09\/image-3-300x213.png 300w, https:\/\/edubolivia.org\/wp-content\/uploads\/2026\/09\/image-3-767x544.png 767w, https:\/\/edubolivia.org\/wp-content\/uploads\/2026\/09\/image-3-611x433.png 611w, https:\/\/edubolivia.org\/wp-content\/uploads\/2026\/09\/image-3-686x487.png 686w, https:\/\/edubolivia.org\/wp-content\/uploads\/2026\/09\/image-3-105x74.png 105w, https:\/\/edubolivia.org\/wp-content\/uploads\/2026\/09\/image-3-669x475.png 669w, https:\/\/edubolivia.org\/wp-content\/uploads\/2026\/09\/image-3-563x399.png 563w, https:\/\/edubolivia.org\/wp-content\/uploads\/2026\/09\/image-3-398x282.png 398w, https:\/\/edubolivia.org\/wp-content\/uploads\/2026\/09\/image-3-404x287.png 404w, https:\/\/edubolivia.org\/wp-content\/uploads\/2026\/09\/image-3-1536x1090.png 1536w, https:\/\/edubolivia.org\/wp-content\/uploads\/2026\/09\/image-3.png 1748w\" sizes=\"auto, (max-width: 1024px) 100vw, 1024px\" \/><\/figure>\n\n\n\n<figure class=\"wp-block-image size-large\"><img loading=\"lazy\" decoding=\"async\" width=\"1024\" height=\"726\" src=\"https:\/\/edubolivia.org\/wp-content\/uploads\/2026\/09\/image-1-1024x726.png\" alt=\"\" class=\"wp-image-1135\" srcset=\"https:\/\/edubolivia.org\/wp-content\/uploads\/2026\/09\/image-1-1024x726.png 1024w, https:\/\/edubolivia.org\/wp-content\/uploads\/2026\/09\/image-1-300x213.png 300w, https:\/\/edubolivia.org\/wp-content\/uploads\/2026\/09\/image-1-767x544.png 767w, https:\/\/edubolivia.org\/wp-content\/uploads\/2026\/09\/image-1-611x433.png 611w, https:\/\/edubolivia.org\/wp-content\/uploads\/2026\/09\/image-1-686x487.png 686w, https:\/\/edubolivia.org\/wp-content\/uploads\/2026\/09\/image-1-105x74.png 105w, https:\/\/edubolivia.org\/wp-content\/uploads\/2026\/09\/image-1-669x475.png 669w, https:\/\/edubolivia.org\/wp-content\/uploads\/2026\/09\/image-1-563x399.png 563w, https:\/\/edubolivia.org\/wp-content\/uploads\/2026\/09\/image-1-398x282.png 398w, https:\/\/edubolivia.org\/wp-content\/uploads\/2026\/09\/image-1-404x287.png 404w, https:\/\/edubolivia.org\/wp-content\/uploads\/2026\/09\/image-1-1536x1090.png 1536w, https:\/\/edubolivia.org\/wp-content\/uploads\/2026\/09\/image-1.png 1748w\" sizes=\"auto, (max-width: 1024px) 100vw, 1024px\" \/><\/figure>\n\n\n\n<figure class=\"wp-block-image size-large\"><img loading=\"lazy\" decoding=\"async\" width=\"1024\" height=\"726\" src=\"https:\/\/edubolivia.org\/wp-content\/uploads\/2026\/09\/image-2-1024x726.png\" alt=\"\" class=\"wp-image-1136\" srcset=\"https:\/\/edubolivia.org\/wp-content\/uploads\/2026\/09\/image-2-1024x726.png 1024w, https:\/\/edubolivia.org\/wp-content\/uploads\/2026\/09\/image-2-300x213.png 300w, https:\/\/edubolivia.org\/wp-content\/uploads\/2026\/09\/image-2-767x544.png 767w, https:\/\/edubolivia.org\/wp-content\/uploads\/2026\/09\/image-2-611x433.png 611w, https:\/\/edubolivia.org\/wp-content\/uploads\/2026\/09\/image-2-686x487.png 686w, https:\/\/edubolivia.org\/wp-content\/uploads\/2026\/09\/image-2-105x74.png 105w, https:\/\/edubolivia.org\/wp-content\/uploads\/2026\/09\/image-2-669x475.png 669w, https:\/\/edubolivia.org\/wp-content\/uploads\/2026\/09\/image-2-563x399.png 563w, https:\/\/edubolivia.org\/wp-content\/uploads\/2026\/09\/image-2-398x282.png 398w, https:\/\/edubolivia.org\/wp-content\/uploads\/2026\/09\/image-2-404x287.png 404w, https:\/\/edubolivia.org\/wp-content\/uploads\/2026\/09\/image-2-1536x1090.png 1536w, https:\/\/edubolivia.org\/wp-content\/uploads\/2026\/09\/image-2.png 1748w\" sizes=\"auto, (max-width: 1024px) 100vw, 1024px\" \/><\/figure>\n\n\n\n<figure class=\"wp-block-image size-large\"><img loading=\"lazy\" decoding=\"async\" width=\"1024\" height=\"726\" src=\"https:\/\/edubolivia.org\/wp-content\/uploads\/2026\/09\/image-4-1024x726.png\" alt=\"\" class=\"wp-image-1138\" srcset=\"https:\/\/edubolivia.org\/wp-content\/uploads\/2026\/09\/image-4-1024x726.png 1024w, https:\/\/edubolivia.org\/wp-content\/uploads\/2026\/09\/image-4-300x213.png 300w, https:\/\/edubolivia.org\/wp-content\/uploads\/2026\/09\/image-4-767x544.png 767w, https:\/\/edubolivia.org\/wp-content\/uploads\/2026\/09\/image-4-611x433.png 611w, https:\/\/edubolivia.org\/wp-content\/uploads\/2026\/09\/image-4-686x487.png 686w, https:\/\/edubolivia.org\/wp-content\/uploads\/2026\/09\/image-4-105x74.png 105w, https:\/\/edubolivia.org\/wp-content\/uploads\/2026\/09\/image-4-563x399.png 563w, https:\/\/edubolivia.org\/wp-content\/uploads\/2026\/09\/image-4-669x475.png 669w, https:\/\/edubolivia.org\/wp-content\/uploads\/2026\/09\/image-4-398x282.png 398w, https:\/\/edubolivia.org\/wp-content\/uploads\/2026\/09\/image-4-404x287.png 404w, https:\/\/edubolivia.org\/wp-content\/uploads\/2026\/09\/image-4-1536x1090.png 1536w, https:\/\/edubolivia.org\/wp-content\/uploads\/2026\/09\/image-4.png 1748w\" sizes=\"auto, (max-width: 1024px) 100vw, 1024px\" \/><\/figure>\n\n\n\n<figure class=\"wp-block-image size-large\"><img loading=\"lazy\" decoding=\"async\" width=\"1024\" height=\"726\" src=\"https:\/\/edubolivia.org\/wp-content\/uploads\/2026\/09\/image-5-1024x726.png\" alt=\"\" class=\"wp-image-1139\" srcset=\"https:\/\/edubolivia.org\/wp-content\/uploads\/2026\/09\/image-5-1024x726.png 1024w, https:\/\/edubolivia.org\/wp-content\/uploads\/2026\/09\/image-5-300x213.png 300w, https:\/\/edubolivia.org\/wp-content\/uploads\/2026\/09\/image-5-767x544.png 767w, https:\/\/edubolivia.org\/wp-content\/uploads\/2026\/09\/image-5-611x433.png 611w, https:\/\/edubolivia.org\/wp-content\/uploads\/2026\/09\/image-5-686x487.png 686w, https:\/\/edubolivia.org\/wp-content\/uploads\/2026\/09\/image-5-105x74.png 105w, https:\/\/edubolivia.org\/wp-content\/uploads\/2026\/09\/image-5-563x399.png 563w, https:\/\/edubolivia.org\/wp-content\/uploads\/2026\/09\/image-5-669x475.png 669w, https:\/\/edubolivia.org\/wp-content\/uploads\/2026\/09\/image-5-398x282.png 398w, https:\/\/edubolivia.org\/wp-content\/uploads\/2026\/09\/image-5-404x287.png 404w, https:\/\/edubolivia.org\/wp-content\/uploads\/2026\/09\/image-5-1536x1090.png 1536w, https:\/\/edubolivia.org\/wp-content\/uploads\/2026\/09\/image-5.png 1748w\" sizes=\"auto, (max-width: 1024px) 100vw, 1024px\" \/><\/figure>\n\n\n\n<figure class=\"wp-block-image size-large\"><img loading=\"lazy\" decoding=\"async\" width=\"1024\" height=\"726\" src=\"https:\/\/edubolivia.org\/wp-content\/uploads\/2026\/09\/image-6-1024x726.png\" alt=\"\" class=\"wp-image-1140\" srcset=\"https:\/\/edubolivia.org\/wp-content\/uploads\/2026\/09\/image-6-1024x726.png 1024w, https:\/\/edubolivia.org\/wp-content\/uploads\/2026\/09\/image-6-300x213.png 300w, https:\/\/edubolivia.org\/wp-content\/uploads\/2026\/09\/image-6-767x544.png 767w, https:\/\/edubolivia.org\/wp-content\/uploads\/2026\/09\/image-6-611x433.png 611w, https:\/\/edubolivia.org\/wp-content\/uploads\/2026\/09\/image-6-686x487.png 686w, https:\/\/edubolivia.org\/wp-content\/uploads\/2026\/09\/image-6-105x74.png 105w, https:\/\/edubolivia.org\/wp-content\/uploads\/2026\/09\/image-6-563x399.png 563w, https:\/\/edubolivia.org\/wp-content\/uploads\/2026\/09\/image-6-398x282.png 398w, https:\/\/edubolivia.org\/wp-content\/uploads\/2026\/09\/image-6-669x475.png 669w, https:\/\/edubolivia.org\/wp-content\/uploads\/2026\/09\/image-6-404x287.png 404w, https:\/\/edubolivia.org\/wp-content\/uploads\/2026\/09\/image-6-1536x1090.png 1536w, https:\/\/edubolivia.org\/wp-content\/uploads\/2026\/09\/image-6.png 1748w\" sizes=\"auto, (max-width: 1024px) 100vw, 1024px\" \/><\/figure>\n","protected":false},"excerpt":{"rendered":"<p class=\"text-justify mb-2\" >El d\u00eda jueves 27 de agosto, el \u00c1rea de Educaci\u00f3n de la Conferencia Episcopal Boliviana junto al Observatorio Plurinacional de la Calidad Educativa (OPCE), llevamos a cabo una sumamente productiva reuni\u00f3n con representantes de las Obras Educativas de la Iglesia Cat\u00f3lica: Escuelas Populares Don Bosco [&hellip;]<\/p>\n","protected":false},"author":1,"featured_media":1133,"comment_status":"closed","ping_status":"open","sticky":false,"template":"","format":"standard","meta":{"footnotes":""},"categories":[1],"tags":[],"class_list":["post-1132","post","type-post","status-publish","format-standard","has-post-thumbnail","hentry","category-area-de-educacion"],"_links":{"self":[{"href":"https:\/\/edubolivia.org\/index.php?rest_route=\/wp\/v2\/posts\/1132","targetHints":{"allow":["GET"]}}],"collection":[{"href":"https:\/\/edubolivia.org\/index.php?rest_route=\/wp\/v2\/posts"}],"about":[{"href":"https:\/\/edubolivia.org\/index.php?rest_route=\/wp\/v2\/types\/post"}],"author":[{"embeddable":true,"href":"https:\/\/edubolivia.org\/index.php?rest_route=\/wp\/v2\/users\/1"}],"replies":[{"embeddable":true,"href":"https:\/\/edubolivia.org\/index.php?rest_route=%2Fwp%2Fv2%2Fcomments&post=1132"}],"version-history":[{"count":1,"href":"https:\/\/edubolivia.org\/index.php?rest_route=\/wp\/v2\/posts\/1132\/revisions"}],"predecessor-version":[{"id":1141,"href":"https:\/\/edubolivia.org\/index.php?rest_route=\/wp\/v2\/posts\/1132\/revisions\/1141"}],"wp:featuredmedia":[{"embeddable":true,"href":"https:\/\/edubolivia.org\/index.php?rest_route=\/wp\/v2\/media\/1133"}],"wp:attachment":[{"href":"https:\/\/edubolivia.org\/index.php?rest_route=%2Fwp%2Fv2%2Fmedia&parent=1132"}],"wp:term":[{"taxonomy":"category","embeddable":true,"href":"https:\/\/edubolivia.org\/index.php?rest_route=%2Fwp%2Fv2%2Fcategories&post=1132"},{"taxonomy":"post_tag","embeddable":true,"href":"https:\/\/edubolivia.org\/index.php?rest_route=%2Fwp%2Fv2%2Ftags&post=1132"}],"curies":[{"name":"wp","href":"https:\/\/api.w.org\/{rel}","templated":true}]}}