{"id":1128,"date":"2026-08-26T13:14:59","date_gmt":"2026-08-26T13:14:59","guid":{"rendered":"https:\/\/edubolivia.org\/?p=1128"},"modified":"2026-08-31T13:16:58","modified_gmt":"2026-08-31T13:16:58","slug":"ministro-de-educacion-posesiona-a-luz-jimenez-como-nueva-viceministra-de-educacion-regular","status":"publish","type":"post","link":"https:\/\/edubolivia.org\/?p=1128","title":{"rendered":"Ministro de Educaci\u00f3n posesiona a Luz Jim\u00e9nez como nueva Viceministra de Educaci\u00f3n Regular"},"content":{"rendered":"\n<p class=\"wp-block-paragraph\"><strong>La Paz, 25 de agosto de 2026 (Ministerio de Educaci\u00f3n \u2013 UNICOM<\/strong>).- El Ministro de Educaci\u00f3n, Erick Sanjin\u00e9s Ch\u00e1vez, posesion\u00f3 a Luz Jim\u00e9nez Quispe como la nueva Viceministra de Educaci\u00f3n Regular, en reemplazo de Juan Carlos Pimentel Castillo. Del acto participaron la Viceministra de Educaci\u00f3n Superior de Formaci\u00f3n Profesional,&nbsp;Ana C\u00e1rdenas, y la Viceministra de Educaci\u00f3n Especial y Alternativa, Alejandra Bonifaz, entre otras autoridades e invitados.&nbsp; &nbsp;&nbsp;&nbsp;&nbsp;<\/p>\n\n\n\n<figure class=\"wp-block-image\"><img decoding=\"async\" src=\"https:\/\/www.minedu.gob.bo\/images\/00_viceminEReg_2.jpg\" alt=\"\"\/><\/figure>\n\n\n\n<p class=\"wp-block-paragraph\">Al momento de dar posesi\u00f3n, el ministro expres\u00f3 su plena confianza y apoyo en la gesti\u00f3n de la nueva autoridad. Por su parte, Jim\u00e9nez al perfilar su gesti\u00f3n manifest\u00f3: \u201c<em>No venimos a improvisar ni a imponer. Venimos a escuchar, a dialogar y a trabajar de la mano con el magisterio, porque soy parte del magisterio; con las comunidades, porque soy parte de las comunidades y con todas las familias bolivianas. Hoy enfrentamos un desaf\u00edo central: asegurar que nuestra ni\u00f1ez, nuestros j\u00f3venes, aprendan a leer con comprensi\u00f3n profunda, a razonar con l\u00f3gica matem\u00e1tica y a desenvolverse con solvencia cr\u00edtica en el mundo actual, tanto en Bolivia como en el mundo<\/em>\u201d.<\/p>\n\n\n\n<figure class=\"wp-block-image\"><img decoding=\"async\" src=\"https:\/\/www.minedu.gob.bo\/images\/00_viceminEReg_1.jpg\" alt=\"\"\/><\/figure>\n\n\n\n<p class=\"wp-block-paragraph\">Tambi\u00e9n puntualiz\u00f3:&nbsp;<em>\u201c<\/em><em>Nuestra gesti\u00f3n se centrar\u00e1 en tres prioridades inmediatas: el apoyo real al trabajo docente en el aula; la lectura y el razonamiento cient\u00edfico, porque tenemos que apoyar a nuestra ni\u00f1ez a transitar en las lenguas, en la lectura, en la escritura, en la matem\u00e1tica; y, desarrollar la secundaria y las universidades para asegurar la transitabilidad de nuestra juventud al nivel superior\u201d.&nbsp;<\/em>Al concluir su intervenci\u00f3n convoc\u00f3 a la comunidad educativa boliviana a hacerse parte de su gesti\u00f3n:&nbsp;<em>\u201cTodo ajuste que vayamos a realizar requiere la construcci\u00f3n, el aporte de todos. Por lo tanto, si bien asumo un rol, tambi\u00e9n convoco a los profesionales, a los maestros y a la sociedad en general a que asumamos este desaf\u00edo de mejorar la educaci\u00f3n de nuestra ni\u00f1ez y nuestra juventud\u201d<\/em>, afirm\u00f3.<\/p>\n\n\n\n<p class=\"wp-block-paragraph\"><strong>Informaci\u00f3n complementaria<\/strong><\/p>\n\n\n\n<p class=\"wp-block-paragraph\"><em>Luz Jim\u00e9nez Quispe<\/em><em>&nbsp;es&nbsp;<\/em><em>Licenciada en&nbsp;<\/em><em>Antropolog\u00eda y Licenciada Normalista en Matem\u00e1tica Secundaria<\/em><em>, con un Doctorado en Lengua, Lectura y Cultura por la Universidad de Arizona, una Maestr\u00eda en Educaci\u00f3n Intercultural Biling\u00fce con menci\u00f3n en Gesti\u00f3n y Planificaci\u00f3n en la Universidad Mayor de San Sim\u00f3n y una Maestr\u00eda en Planificaci\u00f3n, Gesti\u00f3n y Evaluaci\u00f3n de Intervenciones de Cooperaci\u00f3n al Desarrollo en la Universidad Nacional de Educaci\u00f3n a Distancia (UNED). Tiene una serie de Diplomados, entre ellos: Competencias en TIC y TAC, Experto Universitario Iberoamericano de Indicadores y Estad\u00edsticas Educativas, Neurociencias Aplicadas a la Educaci\u00f3n y Educaci\u00f3n Superior Basado en el Modelo Acad\u00e9mico por Competencias.<\/em><\/p>\n\n\n\n<p class=\"wp-block-paragraph\"><em>Ex rectora de la Universidad Pedag\u00f3gica de Posgrado, docente de pregrado y posgrado en la Universidad de Arizona, Universidad Mayor de San Sim\u00f3n, Universidad Nacional Siglo XX, Universidad Amaz\u00f3nica de Pando y Escuela Militar de Ingenier\u00eda. Conferencista en temas educativos y con una vasta producci\u00f3n intelectual, investigativa&nbsp; y cient\u00edfica. Habla Ingl\u00e9s, Portugu\u00e9s, Aymara y Espa\u00f1ol (como lengua materna).<\/em><\/p>\n\n\n\n<p class=\"wp-block-paragraph\"><em>Cuenta con varias distinciones, entre las que destacan: el Reconocimiento por el apoyo a las Pol\u00edticas Educativas del Consejo Educativo de la Naci\u00f3n Quechua &#8211; CENAQ, por desempe\u00f1o acad\u00e9mico sobresaliente en la Universidad de Arizona como Becaria del Erasmus Circle, Reconocimiento al compromiso de mejorar la vida de mujeres y ni\u00f1os del Fondo Conmemorativo Margaret McNamara, Reconocimiento a una contribuci\u00f3n valiosa por la Universidad de Nuevo M\u00e9xico y Miembro por excelencia acad\u00e9mica en Golden Key International Honour Society, entre otras.<\/em><\/p>\n","protected":false},"excerpt":{"rendered":"<p class=\"text-justify mb-2\" >La Paz, 25 de agosto de 2026 (Ministerio de Educaci\u00f3n \u2013 UNICOM).- El Ministro de Educaci\u00f3n, Erick Sanjin\u00e9s Ch\u00e1vez, posesion\u00f3 a Luz Jim\u00e9nez Quispe como la nueva Viceministra de Educaci\u00f3n Regular, en reemplazo de Juan Carlos Pimentel Castillo. Del acto participaron la Viceministra de Educaci\u00f3n [&hellip;]<\/p>\n","protected":false},"author":1,"featured_media":1129,"comment_status":"closed","ping_status":"open","sticky":false,"template":"","format":"standard","meta":{"footnotes":""},"categories":[1],"tags":[],"class_list":["post-1128","post","type-post","status-publish","format-standard","has-post-thumbnail","hentry","category-area-de-educacion"],"_links":{"self":[{"href":"https:\/\/edubolivia.org\/index.php?rest_route=\/wp\/v2\/posts\/1128","targetHints":{"allow":["GET"]}}],"collection":[{"href":"https:\/\/edubolivia.org\/index.php?rest_route=\/wp\/v2\/posts"}],"about":[{"href":"https:\/\/edubolivia.org\/index.php?rest_route=\/wp\/v2\/types\/post"}],"author":[{"embeddable":true,"href":"https:\/\/edubolivia.org\/index.php?rest_route=\/wp\/v2\/users\/1"}],"replies":[{"embeddable":true,"href":"https:\/\/edubolivia.org\/index.php?rest_route=%2Fwp%2Fv2%2Fcomments&post=1128"}],"version-history":[{"count":1,"href":"https:\/\/edubolivia.org\/index.php?rest_route=\/wp\/v2\/posts\/1128\/revisions"}],"predecessor-version":[{"id":1130,"href":"https:\/\/edubolivia.org\/index.php?rest_route=\/wp\/v2\/posts\/1128\/revisions\/1130"}],"wp:featuredmedia":[{"embeddable":true,"href":"https:\/\/edubolivia.org\/index.php?rest_route=\/wp\/v2\/media\/1129"}],"wp:attachment":[{"href":"https:\/\/edubolivia.org\/index.php?rest_route=%2Fwp%2Fv2%2Fmedia&parent=1128"}],"wp:term":[{"taxonomy":"category","embeddable":true,"href":"https:\/\/edubolivia.org\/index.php?rest_route=%2Fwp%2Fv2%2Fcategories&post=1128"},{"taxonomy":"post_tag","embeddable":true,"href":"https:\/\/edubolivia.org\/index.php?rest_route=%2Fwp%2Fv2%2Ftags&post=1128"}],"curies":[{"name":"wp","href":"https:\/\/api.w.org\/{rel}","templated":true}]}}